{"id":249826,"date":"2025-07-14T17:29:10","date_gmt":"2025-07-14T17:29:10","guid":{"rendered":"https:\/\/www.europesays.com\/fr\/249826\/"},"modified":"2025-07-14T17:29:10","modified_gmt":"2025-07-14T17:29:10","slug":"je-nai-pas-reflechi-jai-tape-deux-jeunes-condamnes-pour-le-passage-a-tabac-ultra-violent-dun-ado-a-clichy","status":"publish","type":"post","link":"https:\/\/www.europesays.com\/fr\/249826\/","title":{"rendered":"\u00ab\u00a0Je n\u2019ai pas r\u00e9fl\u00e9chi, j\u2019ai tap\u00e9\u00a0\u00bb\u00a0: deux jeunes condamn\u00e9s pour le passage \u00e0 tabac ultra-violent d\u2019un ado \u00e0 Clichy"},"content":{"rendered":"<p class=\"paragraph text_align_left lp-f-body-02\">\u00ab J\u2019ai donn\u00e9 des coups de pied, mais inconsciemment. \u00bb L\u2019argument est un brin original mais c\u2019est bien ce qu\u2019a tent\u00e9 d\u2019expliquer Marlone T., 21 ans, au tribunal correctionnel de Nanterre vendredi, pour justifier du passage \u00e0 tabac d\u2019un adolescent de 14 ans.<\/p>\n<p class=\"paragraph text_align_left lp-f-body-02\">Dans la nuit du 19 au 20 avril dernier, <a href=\"https:\/\/www.leparisien.fr\/hauts-de-seine-92\/clichy-un-ado-de-14-ans-agresse-a-coups-de-couteau-20-04-2025-Y6TM6VFXMRCQLPV5JCW4TCDHOI.php\" target=\"_blank\" rel=\"noreferrer noopener\">ce tout jeune homme avait \u00e9t\u00e9 frapp\u00e9 \u00e0 coups de pied, de poing, de couteau et de tesson de bouteille<\/a>. Marlone T., donc, et Philippe B. 20 ans \u00e9taient jug\u00e9s vendredi pour compter parmi les agresseurs de la jeune victime. Ce soir du 19 avril, la jeune victime et quatre de ses amis rentrent de la Foire du Tr\u00f4ne \u00e0 Paris. Ils tombent sur un groupe de jeunes filles \u00e9m\u00e9ch\u00e9es, qui dansent dans la rue.<\/p>\n<p class=\"paragraph text_align_left lp-f-body-02\">L\u2019adolescent de 14 ans aurait fait une remarque qui a d\u00e9plu aux jeunes filles. Parmi elles, la petite copine de Philippe B., qui le pr\u00e9vient. \u00ab J\u2019ai re\u00e7u un appel, elle m\u2019a dit que les filles \u00e9taient en train de se faire agresser, raconte Philippe B. depuis le box des pr\u00e9venus. On est descendu, on est all\u00e9 les rejoindre et ils l\u2019ont agress\u00e9. \u00bb Selon son r\u00e9cit, lui n\u2019a rien fait.<\/p>\n<p>La victime \u00ab ne veut plus sortir de la maison \u00bb<\/p>\n<p class=\"paragraph text_align_left lp-f-body-02\">\u00ab Moi j\u2019\u00e9tais dans le hall. Quand j\u2019ai vu les amis descendre, j\u2019ai suivi, relate \u00e0 son tour Marlone T. J\u2019ai donn\u00e9 des coups de pied. C\u2019est vrai, j\u2019ai pris de l\u2019\u00e9lan et j\u2019ai donn\u00e9 des coups de pied. \u00bb \u00ab Pourquoi ? \u00bb veut savoir le pr\u00e9sident. \u00ab Parce que j\u2019ai \u00e9t\u00e9 b\u00eate, je n\u2019ai pas r\u00e9fl\u00e9chi. Les autres ont commenc\u00e9 \u00e0 taper, j\u2019ai tap\u00e9. \u00bb \u00c0 entendre ce jeune homme au casier vierge, il a arr\u00eat\u00e9 d\u00e8s lors que la victime a dit qu\u2019elle n\u2019avait rien fait.<\/p>\n<p class=\"paragraph text_align_left lp-f-body-02\">Aucun des deux ne reconna\u00eet les coups \u00e0 l\u2019arme blanche. \u00ab Le couteau, c\u2019est le mineur, expose le procureur. Le tesson de bouteille, c\u2019est Monsieur B. \u00bb mais l\u2019int\u00e9ress\u00e9 s\u2019en d\u00e9fend fermement. Il n\u2019aurait donc \u00ab rien fait \u00bb lors de ce passage \u00e0 tabac si violent que la victime s\u2019est vue prescrire, dans un premier temps, trente jours d\u2019interruption totale de travail. \u00ab Son \u00e9tat n\u2019est pas consolid\u00e9 et il y a des risques de s\u00e9quelles \u00e0 la bo\u00eete cr\u00e2nienne \u00bb, selon son avocat. \u00ab Aujourd\u2019hui, il ne veut plus sortir de la maison \u00bb, a t\u00e9moign\u00e9 le p\u00e8re de la victime \u00e0 la barre, assurant que son fils \u00ab n\u2019a pas compris pourquoi il a \u00e9t\u00e9 agress\u00e9 \u00bb.<\/p>\n<p class=\"paragraph text_align_left lp-f-body-02\">Pour ces violences gratuites, le tribunal a condamn\u00e9 Philippe B. \u00e0 trois ans de prison dont 15 mois de sursis probatoire. Il reste en prison. Marlone T. \u00e9cope de deux ans de prison dont la moiti\u00e9 avec sursis probatoire et purgera la peine ferme sous bracelet \u00e9lectronique. Des peines strictement conformes \u00e0 celles que le procureur a requises.<\/p>\n","protected":false},"excerpt":{"rendered":"\u00ab J\u2019ai donn\u00e9 des coups de pied, mais inconsciemment. \u00bb L\u2019argument est un brin original mais c\u2019est bien&hellip;\n","protected":false},"author":2,"featured_media":249827,"comment_status":"","ping_status":"","sticky":false,"template":"","format":"standard","meta":{"footnotes":""},"categories":[1888],"tags":[11,1777,674,118,1011,27,3314,1944,12,626,25],"class_list":{"0":"post-249826","1":"post","2":"type-post","3":"status-publish","4":"format-standard","5":"has-post-thumbnail","7":"category-paris","8":"tag-actualites","9":"tag-eu","10":"tag-europe","11":"tag-faits-divers","12":"tag-fr","13":"tag-france","14":"tag-hauts-de-seine","15":"tag-ma-ville","16":"tag-news","17":"tag-paris","18":"tag-republique-francaise"},"share_on_mastodon":{"url":"https:\/\/pubeurope.com\/@fr\/114852774725138938","error":""},"_links":{"self":[{"href":"https:\/\/www.europesays.com\/fr\/wp-json\/wp\/v2\/posts\/249826","targetHints":{"allow":["GET"]}}],"collection":[{"href":"https:\/\/www.europesays.com\/fr\/wp-json\/wp\/v2\/posts"}],"about":[{"href":"https:\/\/www.europesays.com\/fr\/wp-json\/wp\/v2\/types\/post"}],"author":[{"embeddable":true,"href":"https:\/\/www.europesays.com\/fr\/wp-json\/wp\/v2\/users\/2"}],"replies":[{"embeddable":true,"href":"https:\/\/www.europesays.com\/fr\/wp-json\/wp\/v2\/comments?post=249826"}],"version-history":[{"count":0,"href":"https:\/\/www.europesays.com\/fr\/wp-json\/wp\/v2\/posts\/249826\/revisions"}],"wp:featuredmedia":[{"embeddable":true,"href":"https:\/\/www.europesays.com\/fr\/wp-json\/wp\/v2\/media\/249827"}],"wp:attachment":[{"href":"https:\/\/www.europesays.com\/fr\/wp-json\/wp\/v2\/media?parent=249826"}],"wp:term":[{"taxonomy":"category","embeddable":true,"href":"https:\/\/www.europesays.com\/fr\/wp-json\/wp\/v2\/categories?post=249826"},{"taxonomy":"post_tag","embeddable":true,"href":"https:\/\/www.europesays.com\/fr\/wp-json\/wp\/v2\/tags?post=249826"}],"curies":[{"name":"wp","href":"https:\/\/api.w.org\/{rel}","templated":true}]}}