{"id":249830,"date":"2025-07-14T17:31:11","date_gmt":"2025-07-14T17:31:11","guid":{"rendered":"https:\/\/www.europesays.com\/fr\/249830\/"},"modified":"2025-07-14T17:31:11","modified_gmt":"2025-07-14T17:31:11","slug":"ultimatum-de-50-jours-a-la-russie-envoi-darmes-a-kiev-decu-par-poutine-trump-change-de-braquet-sur-lukraine","status":"publish","type":"post","link":"https:\/\/www.europesays.com\/fr\/249830\/","title":{"rendered":"Ultimatum de 50 jours \u00e0 la Russie, envoi d&rsquo;armes \u00e0 Kiev\u2026 \u00ab\u00a0D\u00e9\u00e7u\u00a0\u00bb par Poutine, Trump change de braquet sur l&rsquo;Ukraine"},"content":{"rendered":"<ul class=\"jsx-862013697 ArticleChapo__List\">\n<li class=\"jsx-862013697 ArticleChapo__List_Item flex\">Donald Trump a adopt\u00e9 ce lundi un ton inhabituellement irrit\u00e9 contre Vladimir Poutine, qui l&rsquo;a \u00ab\u00a0extr\u00eamement d\u00e9\u00e7u\u00a0\u00bb : il accuse le dirigeant russe de torpiller tout espoir d&rsquo;accord.<\/li>\n<li class=\"jsx-862013697 ArticleChapo__List_Item flex\">Le pr\u00e9sident am\u00e9ricain se dit pr\u00eat \u00e0 imposer des droits de douane massifs \u00e0 Moscou et ses partenaires commerciaux, si aucun compromis n&rsquo;est trouv\u00e9 d&rsquo;ici 50 jours.<\/li>\n<li class=\"jsx-862013697 ArticleChapo__List_Item flex\">Pour la premi\u00e8re fois depuis son second mandat, il confirme par ailleurs l&rsquo;envoi important d&rsquo;armes en Ukraine, mais via un achat des \u00e9quipements par les pays de l&rsquo;Otan.<\/li>\n<\/ul>\n<p><a href=\"https:\/\/www.tf1info.fr\/actualite\/invasion-de-l-ukraine-par-la-russie-une-guerre-qui-dure-12951\/\" rel=\"noopener\" class=\"jsx-484472199 Link jsx-1428418400 jsx-554215408\" target=\"_blank\"><\/p>\n<p style=\"font-weight:400\" class=\"jsx-1837267516\">Suivez la couverture compl\u00e8te<\/p>\n<p style=\"font-weight:800\" class=\"jsx-1837267516\">Ukraine : 4\u1d49 ann\u00e9e de guerre<\/p>\n<p><\/a><\/p>\n<p data-module=\"article-paragraph\" class=\"jsx-3046738180 Paragraph\">\u00ab\u00a0\u00c0 un moment donn\u00e9, parler ne suffit pas.\u00a0\u00bb \u00c0 rebours de son ton tr\u00e8s conciliant avec la Russie depuis des mois, Donald Trump a assum\u00e9 un v\u00e9ritable volte-face ce lundi 14 juillet, annon\u00e7ant renforcer <a href=\"https:\/\/www.tf1info.fr\/international\/en-direct-guerre-ukraine-russie-poutine-zelensky-trump-keith-kellogg-kiev-dernieres-informations-aujourd-hui-lundi-14-juillet-2025-2382702.html\" target=\"_blank\" rel=\"noopener\">le soutien am\u00e9ricain \u00e0 l&rsquo;Ukraine (nouvelle fen\u00eatre)<\/a> par la vente d&rsquo;armes \u00e0 l&rsquo;Otan, une premi\u00e8re depuis son arriv\u00e9e au pouvoir en janvier. Il pose aussi un ultimatum en mena\u00e7ant Moscou et les alli\u00e9s de ce dernier de lourds droits de douane.\u00a0<\/p>\n<p data-module=\"article-paragraph\" class=\"jsx-3046738180 Paragraph\">Le pr\u00e9sident am\u00e9ricain s&rsquo;exprimait devant les journalistes depuis le Bureau ovale, aux c\u00f4t\u00e9s du secr\u00e9taire g\u00e9n\u00e9ral de l&rsquo;Otan Mark Rutte, avec qui il venait de s&rsquo;entretenir. D&#8217;embl\u00e9e, il a fait part de sa frustration face \u00e0 l&rsquo;attitude de son homologue russe Vladimir Poutine, avec qui il s&rsquo;est entretenu <a href=\"https:\/\/www.tf1info.fr\/international\/ukraine-proche-orient-ce-qu-ont-dit-poutine-et-trump-lors-de-leur-nouvel-entretien-2380787.html\" target=\"_blank\" rel=\"noopener\">par t\u00e9l\u00e9phone \u00e0 plusieurs reprises (nouvelle fen\u00eatre)<\/a> depuis son retour \u00e0 la Maison Blanche en janvier, <a href=\"https:\/\/www.tf1info.fr\/international\/guerre-en-ukraine-un-jeu-de-poupees-russes-pourquoi-l-appel-trump-poutine-n-a-rien-apporte-de-concret-2372005.html\" target=\"_blank\" rel=\"noopener\">sans jamais obtenir d&rsquo;avanc\u00e9es tangibles (nouvelle fen\u00eatre)<\/a> en vue d&rsquo;un cessez-le-feu.\u00a0<\/p>\n<p data-module=\"article-paragraph\" class=\"jsx-3046738180 Paragraph Paragraph__End\">Depuis plusieurs semaines d\u00e9j\u00e0, le dirigeant <a href=\"https:\/\/www.tf1info.fr\/international\/guerre-ukraine-russie-mecontent-contre-vladimir-poutine-donald-trump-va-envoyer-plus-d-armes-defensives-a-kiev-2381607.html\" target=\"_blank\" rel=\"noopener\">a fait part de son agacement (nouvelle fen\u00eatre)<\/a>, mais cette fois, il a encore mont\u00e9 le ton. \u00ab\u00a0Je ne suis pas content du tout envers la Russie (&#8230;). Je suis extr\u00eamement d\u00e9\u00e7u par le pr\u00e9sident Poutine, car je pensais que nous aurions un accord il y a deux mois, mais \u00e7a ne semble pas se concr\u00e9tiser\u00a0\u00bb, a-t-il fustig\u00e9, soulignant que \u00ab\u00a0nous pensions avoir un accord \u00e0 quatre reprises environ\u00a0\u00bb.<\/p>\n<p>50 jours avant d&rsquo;enclencher l&rsquo;arme commerciale<\/p>\n<p data-module=\"article-paragraph\" class=\"jsx-3046738180 Paragraph\">\u00ab\u00a0Je parle beaucoup\u00a0\u00bb \u00e0 Vladimir Poutine, mais \u00ab\u00a0je raccroche, je me dis que c&rsquo;\u00e9tait un appel sympathique, puis des bombes sont envoy\u00e9es sur Kiev\u00a0\u00bb, a-t-il insist\u00e9, tandis que les attaques russes, notamment par drones, se sont largement <a href=\"https:\/\/www.tf1info.fr\/international\/guerre-en-ukraine-drones-missiles-vladimir-poutine-multiplie-les-frappes-massives-2382506.html\" target=\"_blank\" rel=\"noopener\">intensifi\u00e9es ces derni\u00e8res semaines (nouvelle fen\u00eatre)<\/a>. \u00ab\u00a0Une fois que cela s&rsquo;est produit trois ou quatre fois, vous vous dites : cette discussion ne voulait rien dire\u00a0\u00bb, a-t-il cingl\u00e9, refusant toutefois de qualifier le Kremlin \u00ab\u00a0d&rsquo;assassin\u00a0\u00bb, mais uniquement de \u00ab\u00a0personne dure\u00a0\u00bb.\u00a0<\/p>\n<p data-module=\"article-paragraph\" class=\"jsx-3046738180 Paragraph Paragraph__End\">Pour forcer le dirigeant russe \u00e0 reculer, Donald Trump a ainsi menac\u00e9 d&rsquo;utiliser l&rsquo;arme commerciale. \u00ab\u00a0Nous allons pr\u00e9voir des tarifs douaniers tr\u00e8s s\u00e9v\u00e8res, si nous n&rsquo;avons pas d&rsquo;accord dans les 50 jours : des tarifs de 100%, on pourrait les appeler des droits de douane secondaires\u00a0\u00bb, a-t-il d\u00e9clar\u00e9. Concr\u00e8tement, il envisage d&rsquo;imposer des droits de douane de 100 % \u00e0 la Russie et des sanctions secondaires pour les pays qui ach\u00e8tent du p\u00e9trole russe, a pr\u00e9cis\u00e9 un responsable de la Maison-Blanche <a href=\"https:\/\/edition.cnn.com\/2025\/07\/14\/politics\/us-ukraine-weapons-trump\" target=\"_blank\" rel=\"noopener\">\u00e0 CNN (nouvelle fen\u00eatre)<\/a>. \u00ab\u00a0J&rsquo;esp\u00e8re que nous n&rsquo;aurons pas \u00e0 aller jusque-l\u00e0\u00a0\u00bb, a toutefois gliss\u00e9 le pr\u00e9sident am\u00e9ricain.\u00a0<\/p>\n<p>\u00ab\u00a0Une tr\u00e8s grosse affaire conclue\u00a0\u00bb pour livrer des armes via l&rsquo;Otan<\/p>\n<p data-module=\"article-paragraph\" class=\"jsx-3046738180 Paragraph\">Quant \u00e0 l&rsquo;Ukraine, elle va recevoir une quantit\u00e9 importante d&rsquo;armes am\u00e9ricaines pour renforcer son effort de guerre, une premi\u00e8re depuis l&rsquo;investiture de Donald Trump. Ces \u00e9quipements seront livr\u00e9s par les \u00c9tats-Unis \u00e0 l&rsquo;Otan, qui va les acheter, avant de les livrer \u00e0 Kiev. \u00ab\u00a0C&rsquo;est une tr\u00e8s grosse affaire que nous avons conclue. Des \u00e9quipements militaires d&rsquo;une valeur de plusieurs milliards de dollars vont \u00eatre achet\u00e9s aux \u00c9tats-Unis, aller \u00e0 l&rsquo;Otan, etc. et seront rapidement distribu\u00e9s sur le champ de bataille\u00a0\u00bb, a d\u00e9taill\u00e9 le pr\u00e9sident am\u00e9ricain.\u00a0\u00ab\u00a0Cela signifie que l&rsquo;Ukraine mettra la main sur un <a href=\"https:\/\/www.tf1info.fr\/international\/guerre-en-ukraine-russie-donald-trump-fait-volte-face-et-annonce-la-reprise-des-livraisons-d-armes-a-kiev-2382383.html\" target=\"_blank\" rel=\"noopener\">tr\u00e8s grand nombre d&rsquo;\u00e9quipements (nouvelle fen\u00eatre)<\/a> militaires\u00a0\u00bb, a rench\u00e9ri Mark Rutte, citant du mat\u00e9riel de \u00ab\u00a0d\u00e9fense a\u00e9rienne\u00a0\u00bb, des \u00ab\u00a0missiles\u00a0\u00bb ou encore des \u00ab\u00a0munitions\u00a0\u00bb.\u00a0<\/p>\n<p data-module=\"article-paragraph\" class=\"jsx-3046738180 Paragraph Paragraph__End\">Parmi ces \u00e9quipements, la livraison des batteries de missiles Patriots a \u00e9t\u00e9 confirm\u00e9e. \u00ab\u00a0Il y a quelques pays qui ont des Patriots et qui vont les envoyer en Ukraine, et nous allons les remplacer cela. Mark (Rutte) va faire la coordination avec l&rsquo;Otan. Cela devrait commencer bient\u00f4t\u00a0\u00bb, a lanc\u00e9 Donald Trump. Il avait annonc\u00e9 ce week-end qu&rsquo;il enverrait \u00e0 Kiev davantage de ces syst\u00e8mes de d\u00e9fense antia\u00e9rienne, essentiels pour contrer les frappes russes. \u00c0 cela s&rsquo;ajouteraient des missiles \u00e0 courte port\u00e9e, des obus Howitzer et des missiles air-air \u00e0 moyenne port\u00e9e, a indiqu\u00e9 une source au fait des n\u00e9gociations \u00e0 CNN.\u00a0<\/p>\n<p><a href=\"https:\/\/www.tf1info.fr\/international\/guerre-en-ukraine-le-systeme-de-defense-antiaerienne-patriot-que-donald-trump-a-promis-a-volodymyr-zelensky-2382777.html\" rel=\"noopener\" class=\"jsx-3308031228 Link flex\" target=\"_blank\"><img decoding=\"async\" src=\"https:\/\/www.europesays.com\/fr\/wp-content\/uploads\/2025\/07\/systeme-patriot-defense-antiaerienne-pologne-novembre-2023-c83611-0@1x.jpeg\" alt=\"AFP\" loading=\"lazy\" importance=\"low\" fetchpriority=\"low\" class=\"\" aria-hidden=\"true\"\/><\/p>\n<p class=\"jsx-3657663356 ReadMoreArticle__Title\">Lire aussi<\/p>\n<p class=\"jsx-3657663356\">\u00ab\u00a0Ils en ont d\u00e9sesp\u00e9r\u00e9ment besoin\u00a0\u00bb : ce syst\u00e8me de d\u00e9fense antia\u00e9rienne que Donald Trump a promis \u00e0 l&rsquo;Ukraine<\/p>\n<p><\/a><\/p>\n<p data-module=\"article-paragraph\" class=\"jsx-3046738180 Paragraph Paragraph__End\">Comme pour anticiper les r\u00e9actions de son \u00e9lectorat, Donald Trump a martel\u00e9 que les armes seraient bien vendues et non donn\u00e9es : \u00ab\u00a0nous allons leur envoyer des armes et (l&rsquo;Otan) va les payer, les \u00c9tats-Unis ne feront aucun paiement\u00a0\u00bb, a-t-il appuy\u00e9. Tout au long de l&rsquo;\u00e9change, il a d&rsquo;ailleurs r\u00e9p\u00e9t\u00e9 que la guerre avait co\u00fbt\u00e9 aux \u00c9tats-Unis \u00ab\u00a0350 milliards de dollars\u00a0\u00bb. Or selon l&rsquo;institut \u00e9conomique IfW Kiel, l&rsquo;aide am\u00e9ricaine globale, \u00e0 la fois financi\u00e8re, humanitaire et militaire, a atteint 114,2 milliards d&rsquo;euros (environ 130 milliards de dollars au cours actuel), entre d\u00e9but 2022 et fin 2024.\u00a0\u00ab\u00a0Ce n&rsquo;est pas ma guerre\u00a0\u00bb, a-t-il aussi r\u00e9p\u00e9t\u00e9 \u00e0 de nombreuses reprises, exhortant \u00e0 ce \u00ab\u00a0qu&rsquo;elle se termine\u00a0\u00bb, montrant clairement que sa patience arrivait \u00e0 bout.\u00a0<\/p>\n<p>M.L. avec AFP<\/p>\n","protected":false},"excerpt":{"rendered":"Donald Trump a adopt\u00e9 ce lundi un ton inhabituellement irrit\u00e9 contre Vladimir Poutine, qui l&rsquo;a \u00ab\u00a0extr\u00eamement d\u00e9\u00e7u\u00a0\u00bb :&hellip;\n","protected":false},"author":2,"featured_media":249831,"comment_status":"","ping_status":"","sticky":false,"template":"","format":"standard","meta":{"footnotes":""},"categories":[1591],"tags":[1111,11,1921,5925,75,1887,28083,1922,12,136,1885,1886,132,220,1917,133,1920,135],"class_list":{"0":"post-249830","1":"post","2":"type-post","3":"status-publish","4":"format-standard","5":"has-post-thumbnail","7":"category-russie","8":"tag-actu","9":"tag-actualites","10":"tag-article-video","11":"tag-conflits-et-guerre","12":"tag-donald-trump","13":"tag-federation-de-russie","14":"tag-guerre-en-ukraine-une-treve-sera-t-elle-possible","15":"tag-info","16":"tag-news","17":"tag-otan","18":"tag-russia","19":"tag-russian-federation","20":"tag-russie","21":"tag-ukraine","22":"tag-ukraine-4-annee-de-guerre","23":"tag-video","24":"tag-video-international","25":"tag-vladimir-poutine"},"share_on_mastodon":{"url":"https:\/\/pubeurope.com\/@fr\/114852782736849805","error":""},"_links":{"self":[{"href":"https:\/\/www.europesays.com\/fr\/wp-json\/wp\/v2\/posts\/249830","targetHints":{"allow":["GET"]}}],"collection":[{"href":"https:\/\/www.europesays.com\/fr\/wp-json\/wp\/v2\/posts"}],"about":[{"href":"https:\/\/www.europesays.com\/fr\/wp-json\/wp\/v2\/types\/post"}],"author":[{"embeddable":true,"href":"https:\/\/www.europesays.com\/fr\/wp-json\/wp\/v2\/users\/2"}],"replies":[{"embeddable":true,"href":"https:\/\/www.europesays.com\/fr\/wp-json\/wp\/v2\/comments?post=249830"}],"version-history":[{"count":0,"href":"https:\/\/www.europesays.com\/fr\/wp-json\/wp\/v2\/posts\/249830\/revisions"}],"wp:featuredmedia":[{"embeddable":true,"href":"https:\/\/www.europesays.com\/fr\/wp-json\/wp\/v2\/media\/249831"}],"wp:attachment":[{"href":"https:\/\/www.europesays.com\/fr\/wp-json\/wp\/v2\/media?parent=249830"}],"wp:term":[{"taxonomy":"category","embeddable":true,"href":"https:\/\/www.europesays.com\/fr\/wp-json\/wp\/v2\/categories?post=249830"},{"taxonomy":"post_tag","embeddable":true,"href":"https:\/\/www.europesays.com\/fr\/wp-json\/wp\/v2\/tags?post=249830"}],"curies":[{"name":"wp","href":"https:\/\/api.w.org\/{rel}","templated":true}]}}