{"id":249832,"date":"2025-07-14T17:32:12","date_gmt":"2025-07-14T17:32:12","guid":{"rendered":"https:\/\/www.europesays.com\/fr\/249832\/"},"modified":"2025-07-14T17:32:12","modified_gmt":"2025-07-14T17:32:12","slug":"les-chefs-de-la-diplomatie-chinoise-et-russe-discutent-de-la-coree-de-lukraine-et-des-etats-unis","status":"publish","type":"post","link":"https:\/\/www.europesays.com\/fr\/249832\/","title":{"rendered":"Les chefs de la diplomatie chinoise et russe discutent de la Cor\u00e9e, de l\u2019Ukraine et des \u00c9tats-Unis"},"content":{"rendered":"<p style=\"text-align:justify;\">AA \/ Ankara \/ Aamir Latif<\/p>\n<p style=\"text-align:justify;\">Les ministres des Affaires \u00e9trang\u00e8res de la Chine et de la Russie ont abord\u00e9 plusieurs dossiers r\u00e9gionaux et internationaux, notamment la situation dans la p\u00e9ninsule cor\u00e9enne, le conflit en Ukraine, la question nucl\u00e9aire iranienne, ainsi que les relations avec les \u00c9tats-Unis.<\/p>\n<p style=\"text-align:justify;\">En effet, Wang Yi a rencontr\u00e9 son homologue russe Sergey Lavrov, en visite \u00e0 P\u00e9kin, dimanche.<\/p>\n<p style=\"text-align:justify;\">Lavrov est arriv\u00e9 dans la capitale chinoise apr\u00e8s un s\u00e9jour de trois jours en Cor\u00e9e du Nord. Il doit participer, mardi, \u00e0 la r\u00e9union des ministres des Affaires \u00e9trang\u00e8res de l\u2019Organisation de coop\u00e9ration de Shanghai (OCS) dans la ville de Tianjin, au nord du pays.<\/p>\n<p style=\"text-align:justify;\">Dans un communiqu\u00e9, P\u00e9kin a indiqu\u00e9 que Wang et Lavrov ont \u00e9chang\u00e9 leurs \u00ab points de vue \u00bb sur les questions de la p\u00e9ninsule cor\u00e9enne, la crise ukrainienne et le dossier nucl\u00e9aire iranien, sans donner davantage de d\u00e9tails.<\/p>\n<p style=\"text-align:justify;\">\u00c0 noter que le dirigeant nord-cor\u00e9en Kim Jong Un a r\u00e9affirm\u00e9 samedi, lors de sa rencontre avec Lavrov, le soutien inconditionnel de Pyongyang \u00e0 Moscou dans la guerre en Ukraine. De son c\u00f4t\u00e9, la Chine continue d\u2019appeler \u00e0 une solution politique au conflit d\u00e9clench\u00e9 en f\u00e9vrier 2022.<\/p>\n<p style=\"text-align:justify;\">Le minist\u00e8re russe des Affaires \u00e9trang\u00e8res a pr\u00e9cis\u00e9 que les discussions ont \u00e9galement port\u00e9 sur les relations avec les \u00c9tats-Unis, le conflit Iran-Isra\u00ebl et la situation dans la p\u00e9ninsule cor\u00e9enne.<\/p>\n<p style=\"text-align:justify;\">\u00ab Les parties ont aussi abord\u00e9 les relations avec les \u00c9tats-Unis et les perspectives de r\u00e8glement de la crise ukrainienne conform\u00e9ment aux principes de la Charte des Nations unies, dans leur int\u00e9gralit\u00e9, leur globalit\u00e9 et leur interd\u00e9pendance \u00bb, a-t-il affirm\u00e9.<\/p>\n<p style=\"text-align:justify;\">Wang Yi a soulign\u00e9 que les \u00e9changes visaient \u00e0 \u00ab approfondir la coop\u00e9ration strat\u00e9gique globale, promouvoir le d\u00e9veloppement et le redressement de chaque pays, et r\u00e9pondre conjointement aux d\u00e9fis d\u2019un monde en mutation et en turbulence \u00bb, selon un communiqu\u00e9 du minist\u00e8re chinois des Affaires \u00e9trang\u00e8res.<\/p>\n<p style=\"text-align:justify;\">P\u00e9kin a d\u00e9clar\u00e9 \u00eatre dispos\u00e9 \u00e0 travailler avec Moscou et les autres \u00c9tats membres pour pr\u00e9parer le sommet de Tianjin, d\u00e9finir les orientations futures de d\u00e9veloppement, renforcer la coop\u00e9ration dans divers domaines et porter la construction de l\u2019Organisation de coop\u00e9ration de Shanghai (OCS) \u00e0 un niveau sup\u00e9rieur.<\/p>\n<p style=\"text-align:justify;\">Cette ann\u00e9e marque, par ailleurs, le 80e anniversaire de la victoire de la \u00ab Guerre de r\u00e9sistance du peuple chinois contre l\u2019agression japonaise \u00bb.<\/p>\n<p style=\"text-align:justify;\">P\u00e9kin d\u00e9signe ainsi la Seconde Guerre mondiale sous l\u2019appellation de guerre de r\u00e9sistance contre l\u2019imp\u00e9rialisme japonais.<\/p>\n<p style=\"text-align:justify;\">En r\u00e9ponse, Lavrov a assur\u00e9 que la Russie \u00e9tait pr\u00eate \u00e0 approfondir la coop\u00e9ration bilat\u00e9rale dans plusieurs secteurs et \u00e0 consolider les acquis des relations russo-chinoises sous la direction strat\u00e9gique des deux chefs d\u2019\u00c9tat.<\/p>\n<p style=\"text-align:justify;\">Il a \u00e9galement affirm\u00e9 que Moscou continuerait \u00e0 soutenir pleinement la pr\u00e9sidence chinoise de l\u2019OCS, \u00e0 renforcer la communication et la coop\u00e9ration, et \u00e0 \u0153uvrer \u00e0 la r\u00e9ussite du sommet de Tianjin.<\/p>\n<p style=\"text-align:justify;\">* Traduit de l&rsquo;anglais par Adama Bamba<\/p>\n<p>                            &#13;<br \/>\n                                <a href=\"https:\/\/www.aa.com.tr\/fr\/p\/abonnement\/1001\" target=\"_blank\" style=\"font-size:12px; color:#444; text-decoration:none;\" rel=\"nofollow noopener\">&#13;<br \/>\n                                    Seulement une partie des d\u00e9p\u00eaches, que l&rsquo;Agence Anadolu diffuse \u00e0 ses abonn\u00e9s via le Syst\u00e8me de Diffusion interne (HAS), est diffus\u00e9e sur le site de l&rsquo;AA, de mani\u00e8re r\u00e9sum\u00e9e. <b style=\"color:#1897F7\">Contactez-nous s&rsquo;il vous pla\u00eet pour vous abonner.<\/b>&#13;<br \/>\n                                <\/a>&#13;<\/p>\n","protected":false},"excerpt":{"rendered":"AA \/ Ankara \/ Aamir Latif Les ministres des Affaires \u00e9trang\u00e8res de la Chine et de la Russie&hellip;\n","protected":false},"author":2,"featured_media":249833,"comment_status":"","ping_status":"","sticky":false,"template":"","format":"standard","meta":{"footnotes":""},"categories":[1590],"tags":[4295,11,1785,309,38989,1777,674,12,132,220],"class_list":{"0":"post-249832","1":"post","2":"type-post","3":"status-publish","4":"format-standard","5":"has-post-thumbnail","7":"category-ukraine","8":"tag-tats-unis","9":"tag-actualites","10":"tag-anadolu-ajansi","11":"tag-chine","12":"tag-core-du-nord","13":"tag-eu","14":"tag-europe","15":"tag-news","16":"tag-russie","17":"tag-ukraine"},"share_on_mastodon":{"url":"https:\/\/pubeurope.com\/@fr\/114852786698936441","error":""},"_links":{"self":[{"href":"https:\/\/www.europesays.com\/fr\/wp-json\/wp\/v2\/posts\/249832","targetHints":{"allow":["GET"]}}],"collection":[{"href":"https:\/\/www.europesays.com\/fr\/wp-json\/wp\/v2\/posts"}],"about":[{"href":"https:\/\/www.europesays.com\/fr\/wp-json\/wp\/v2\/types\/post"}],"author":[{"embeddable":true,"href":"https:\/\/www.europesays.com\/fr\/wp-json\/wp\/v2\/users\/2"}],"replies":[{"embeddable":true,"href":"https:\/\/www.europesays.com\/fr\/wp-json\/wp\/v2\/comments?post=249832"}],"version-history":[{"count":0,"href":"https:\/\/www.europesays.com\/fr\/wp-json\/wp\/v2\/posts\/249832\/revisions"}],"wp:featuredmedia":[{"embeddable":true,"href":"https:\/\/www.europesays.com\/fr\/wp-json\/wp\/v2\/media\/249833"}],"wp:attachment":[{"href":"https:\/\/www.europesays.com\/fr\/wp-json\/wp\/v2\/media?parent=249832"}],"wp:term":[{"taxonomy":"category","embeddable":true,"href":"https:\/\/www.europesays.com\/fr\/wp-json\/wp\/v2\/categories?post=249832"},{"taxonomy":"post_tag","embeddable":true,"href":"https:\/\/www.europesays.com\/fr\/wp-json\/wp\/v2\/tags?post=249832"}],"curies":[{"name":"wp","href":"https:\/\/api.w.org\/{rel}","templated":true}]}}