{"id":249834,"date":"2025-07-14T17:33:15","date_gmt":"2025-07-14T17:33:15","guid":{"rendered":"https:\/\/www.europesays.com\/fr\/249834\/"},"modified":"2025-07-14T17:33:15","modified_gmt":"2025-07-14T17:33:15","slug":"face-a-trump-lue-envisage-une-riposte-a-hauteur-de-72-milliards-deuros","status":"publish","type":"post","link":"https:\/\/www.europesays.com\/fr\/249834\/","title":{"rendered":"face \u00e0 Trump, l&rsquo;UE envisage une riposte \u00e0 hauteur de 72 milliards d&rsquo;euros"},"content":{"rendered":"<p>Quelle <a href=\"https:\/\/www.dna.fr\/economie\/2025\/07\/13\/droits-de-douane-apres-la-surenchere-de-trump-l-ue-temporise-sa-riposte-dans-l-espoir-d-un-accord\" target=\"_blank\" rel=\"noopener\">riposte pour l&rsquo;Union europ\u00e9enne<\/a> dans le cas o\u00f9 les \u00c9tats-Unis de <a href=\"https:\/\/www.dna.fr\/p\/donald-trump\" target=\"_blank\" rel=\"noopener\">Donald Trump<\/a> imposeraient des droits de douanes de 30 % ? La Commission a propos\u00e9 ce lundi aux 27 des repr\u00e9sailles possibles \u00e0 hauteur de 72 milliards d&rsquo;euros. \u00ab Nous n\u00e9gocions d&rsquo;abord, mais nous nous pr\u00e9parons en m\u00eame temps \u00bb, a assur\u00e9 le commissaire europ\u00e9en Maros Sefcovic devant la presse, \u00e0 l&rsquo;issue d&rsquo;une r\u00e9union des ministres du Commerce de l&rsquo;UE \u00e0 Bruxelles. Il a soulign\u00e9 qu&rsquo;il s&rsquo;agissait d&rsquo;une position commune des Vingt-Sept.<\/p>\n<p>\u00ab Les ministres ont adopt\u00e9 une position totalement unie sur la n\u00e9cessit\u00e9 d&rsquo;\u00eatre pr\u00eats \u00e0 r\u00e9agir \u00bb si n\u00e9cessaire, a indiqu\u00e9 de son c\u00f4t\u00e9 le ministre danois des Affaires \u00e9trang\u00e8res Lars Rokke Rasmussen, dont le <a href=\"https:\/\/www.dna.fr\/politique\/2025\/07\/01\/le-danemark-prend-la-presidence-de-l-ue-qui-est-mette-frederiksen-modele-pour-la-gauche\" target=\"_blank\" rel=\"noopener\">pays assure actuellement la pr\u00e9sidence tournante de l&rsquo;UE<\/a>. Le commissaire europ\u00e9en, n\u00e9gociateur en chef c\u00f4t\u00e9 europ\u00e9en dans ces difficiles tractations commerciales avec Washington, a confirm\u00e9 son intention de poursuivre les discussions jusqu&rsquo;\u00e0 la <a href=\"https:\/\/www.dna.fr\/economie\/2025\/07\/12\/droits-de-douane-trump-annonce-une-imposition-de-30-pour-l-union-europeenne\" target=\"_blank\" rel=\"noopener\">date butoir du 1er ao\u00fbt d\u00e9cid\u00e9e par Donald Trump<\/a>, y compris d\u00e8s ce lundi avec ses homologues am\u00e9ricains.<\/p>\n<p>\u00ab Tous les instruments restent sur la table \u00bb<\/p>\n<p>Et Maros Sefcovic d&rsquo;ajouter : \u00ab Mais comme je l&rsquo;ai d\u00e9j\u00e0 dit, il faut deux mains pour applaudir \u00bb, et donc l&rsquo;UE doit aussi pr\u00e9parer d&rsquo;\u00e9ventuelles repr\u00e9sailles en cas d&rsquo;\u00e9chec des discussions. La liste de 72 milliards d&rsquo;euros de marchandises am\u00e9ricaines que l&rsquo;UE pourrait cibler n&rsquo;\u00e9puise pas le champ de toutes les possibilit\u00e9s, a-t-il encore indiqu\u00e9. \u00ab Tous les instruments restent sur la table.\u00a0\u00bb<\/p>\n<p>L&rsquo;UE a d\u00e9j\u00e0 pr\u00e9par\u00e9 une liste distincte d&rsquo;importations am\u00e9ricaines d&rsquo;une valeur de 21 milliards d&rsquo;euros qu&rsquo;elle est pr\u00eate \u00e0 viser en raison des droits de douane d\u00e9j\u00e0 impos\u00e9s par Donald Trump sur l&rsquo;acier et l&rsquo;aluminium. Ces mesures sont actuellement suspendues.<\/p>\n","protected":false},"excerpt":{"rendered":"Quelle riposte pour l&rsquo;Union europ\u00e9enne dans le cas o\u00f9 les \u00c9tats-Unis de Donald Trump imposeraient des droits de&hellip;\n","protected":false},"author":2,"featured_media":249835,"comment_status":"","ping_status":"","sticky":false,"template":"","format":"standard","meta":{"footnotes":""},"categories":[1589],"tags":[11,4406,2388,33,73,1866,107,329,12,316,1864,1865,1863,308],"class_list":{"0":"post-249834","1":"post","2":"type-post","3":"status-publish","4":"format-standard","5":"has-post-thumbnail","7":"category-etats-unis","8":"tag-actualites","9":"tag-commerce-et-services","10":"tag-droits-de-douane","11":"tag-economie","12":"tag-etats-unis","13":"tag-etats-unis-damerique","14":"tag-fil-info","15":"tag-france-monde","16":"tag-news","17":"tag-politique","18":"tag-united-states","19":"tag-united-states-of-america","20":"tag-us","21":"tag-usa"},"share_on_mastodon":{"url":"https:\/\/pubeurope.com\/@fr\/114852790910144121","error":""},"_links":{"self":[{"href":"https:\/\/www.europesays.com\/fr\/wp-json\/wp\/v2\/posts\/249834","targetHints":{"allow":["GET"]}}],"collection":[{"href":"https:\/\/www.europesays.com\/fr\/wp-json\/wp\/v2\/posts"}],"about":[{"href":"https:\/\/www.europesays.com\/fr\/wp-json\/wp\/v2\/types\/post"}],"author":[{"embeddable":true,"href":"https:\/\/www.europesays.com\/fr\/wp-json\/wp\/v2\/users\/2"}],"replies":[{"embeddable":true,"href":"https:\/\/www.europesays.com\/fr\/wp-json\/wp\/v2\/comments?post=249834"}],"version-history":[{"count":0,"href":"https:\/\/www.europesays.com\/fr\/wp-json\/wp\/v2\/posts\/249834\/revisions"}],"wp:featuredmedia":[{"embeddable":true,"href":"https:\/\/www.europesays.com\/fr\/wp-json\/wp\/v2\/media\/249835"}],"wp:attachment":[{"href":"https:\/\/www.europesays.com\/fr\/wp-json\/wp\/v2\/media?parent=249834"}],"wp:term":[{"taxonomy":"category","embeddable":true,"href":"https:\/\/www.europesays.com\/fr\/wp-json\/wp\/v2\/categories?post=249834"},{"taxonomy":"post_tag","embeddable":true,"href":"https:\/\/www.europesays.com\/fr\/wp-json\/wp\/v2\/tags?post=249834"}],"curies":[{"name":"wp","href":"https:\/\/api.w.org\/{rel}","templated":true}]}}