{"id":249836,"date":"2025-07-14T17:34:15","date_gmt":"2025-07-14T17:34:15","guid":{"rendered":"https:\/\/www.europesays.com\/fr\/249836\/"},"modified":"2025-07-14T17:34:15","modified_gmt":"2025-07-14T17:34:15","slug":"tapis-rouge-pour-trump-en-visite-detat-du-17-au-19-septembre","status":"publish","type":"post","link":"https:\/\/www.europesays.com\/fr\/249836\/","title":{"rendered":"Tapis rouge pour Trump en visite d\u2019Etat du 17 au 19\u00a0septembre"},"content":{"rendered":"<p>Une r\u00e9ception en grande pompe. <a href=\"https:\/\/www.20minutes.fr\/dossier\/donald_trump\" class=\"color-ultramarine c-link\" target=\"_blank\" rel=\"noopener\">Donald Trump<\/a> se rendra au <a href=\"https:\/\/www.20minutes.fr\/monde\/royaume-uni\/\" class=\"color-ultramarine c-link\" target=\"_blank\" rel=\"noopener\">Royaume-Uni<\/a> \u00e0 l\u2019invitation du roi <a href=\"https:\/\/www.20minutes.fr\/dossier\/prince_charles\" class=\"color-ultramarine c-link\" target=\"_blank\" rel=\"noopener\">Charles III <\/a>du 17 au 19\u00a0septembre pour une deuxi\u00e8me visite d\u2019Etat apr\u00e8s celle de\u00a02019, du jamais vu pour un pr\u00e9sident am\u00e9ricain. Il sera accompagn\u00e9 de son \u00e9pouse Melania, a pr\u00e9cis\u00e9 le palais de Buckingham dans un court communiqu\u00e9 lundi, ajoutant que Donald Trump, grand admirateur de la famille royale, serait re\u00e7u au ch\u00e2teau de Windsor, \u00e0 l\u2019ouest de Londres.<\/p>\n<\/p>\n<p>Impopularit\u00e9, et alors\u00a0?<\/p>\n<p>Trump est tr\u00e8s impopulaire au <a href=\"https:\/\/www.20minutes.fr\/monde\/royaume-uni\/\" class=\"color-ultramarine c-link\" target=\"_blank\" rel=\"noopener\">Royaume-Uni<\/a>, \u00e0 16\u00a0% d\u2019opinions favorables et 70\u00a0% d\u2019opinions d\u00e9favorables, selon un r\u00e9cent sondage YouGov, et les mesures de s\u00e9curit\u00e9 promettent d\u2019\u00eatre draconiennes. L\u2019invitation du roi avait \u00e9t\u00e9 rendue publique le 27\u00a0f\u00e9vrier, quand le Premier ministre britannique Keir Starmer avait remis au pr\u00e9sident am\u00e9ricain, dans le bureau ovale de la Maison Blanche, une lettre du monarque, devant les cam\u00e9ras de t\u00e9l\u00e9vision.<\/p>\n<p>Donald Trump, ravi de ce \u00ab\u00a0grand honneur\u00a0\u00bb, en avait laiss\u00e9 voir le contenu, saluant en Charles III un \u00ab\u00a0homme merveilleux\u00a0\u00bb. L\u2019invitation ne pr\u00e9cisait ni date ni lieu, et \u00e9voquait une premi\u00e8re rencontre informelle en Ecosse, au ch\u00e2teau de Balmoral ou au domaine de Dumfries House, prestigieuse demeure du 18e si\u00e8cle, avant une visite d\u2019Etat \u00e0 une date ult\u00e9rieure. Dans le Bureau ovale, Donald Trump avait imm\u00e9diatement \u00e9voqu\u00e9 Windsor.<\/p>\n<p>Rencontre priv\u00e9e avec Starmer<\/p>\n<p>Selon le quotidien The Times, le <a href=\"https:\/\/www.20minutes.fr\/dossier\/premier_ministre\" class=\"color-ultramarine c-link\" target=\"_blank\" rel=\"noopener\">Premier ministre<\/a> britannique aurait forc\u00e9 la main du roi pour \u00ab\u00a0capitaliser sur l\u2019adoration du pr\u00e9sident am\u00e9ricain pour la pompe royale\u00a0\u00bb. Le palais avait des r\u00e9serves, en raison des menaces de Trump d\u2019annexer le Canada, dont <a href=\"https:\/\/www.20minutes.fr\/dossier\/prince_charles\" class=\"color-ultramarine c-link\" target=\"_blank\" rel=\"noopener\">Charles III<\/a> est chef d\u2019Etat. Les visites d\u2019Etat sont organis\u00e9es sur recommandation du gouvernement.<\/p>\n<p><a href=\"https:\/\/www.20minutes.fr\/monde\/keir-starmer\/\" class=\"color-ultramarine c-link\" target=\"_blank\" rel=\"noopener\">Keir Starmer<\/a> rencontrera par ailleurs Donald Trump lors d\u2019une visite priv\u00e9e d\u2019ici fin juillet en Ecosse, o\u00f9 ce dernier poss\u00e8de deux complexes de golf, a annonc\u00e9 Downing Street lundi. En septembre, la visite d\u2019Etat du pr\u00e9sident Trump interviendra deux mois apr\u00e8s celle du pr\u00e9sident fran\u00e7ais Emmanuel Macron et de son \u00e9pouse Brigitte, re\u00e7us du 8 au 10\u00a0juillet, \u00e9galement \u00e0 Windsor, car le palais de Buckingham est en travaux.<\/p>\n<p>Ils ont eu droit \u00e0 un accueil avec garde d\u2019honneur, tour en cal\u00e8che, passage en revue des troupes dans la cour du ch\u00e2teau, et d\u00eener d\u2019Etat avec quelque 150 invit\u00e9s, conform\u00e9ment au script habituel des visites d\u2019Etat. Ce privil\u00e8ge est rare, le palais organise en moyenne deux visites d\u2019Etat par an. Elles demandent jusqu\u2019\u00e0 un an de pr\u00e9paration.<\/p>\n<p>Historique<\/p>\n<p>La Chambre des Communes ne si\u00e9gera pas durant la visite de Trump, en raison des conventions annuelles des partis. De quoi soulager certains d\u00e9put\u00e9s qui avaient d\u00e9j\u00e0 fait savoir qu\u2019ils ne souhaitaient pas y voir Donald Trump. La Chambre des Lords sera, elle, en activit\u00e9.<\/p>\n<p>Aucun <a href=\"https:\/\/www.20minutes.fr\/dossier\/president\" class=\"color-ultramarine c-link\" target=\"_blank\" rel=\"noopener\">pr\u00e9sident<\/a> am\u00e9ricain n\u2019a jamais \u00e9t\u00e9 invit\u00e9 pour une deuxi\u00e8me visite d\u2019Etat, m\u00eame en cas de r\u00e9\u00e9lection. L\u2019usage est qu\u2019ils soient invit\u00e9s par le monarque pour un th\u00e9 ou un d\u00e9jeuner \u00e0 Windsor, lors de leur deuxi\u00e8me mandat. Cela avait \u00e9t\u00e9 le cas pour <a href=\"https:\/\/www.20minutes.fr\/dossier\/barack_obama\" class=\"color-ultramarine c-link\" target=\"_blank\" rel=\"noopener\">Barack Obama<\/a> ou <a href=\"https:\/\/www.20minutes.fr\/monde\/george_w_bush\/\" class=\"color-ultramarine c-link\" target=\"_blank\" rel=\"noopener\">George W. Bush<\/a>. Mais Donald Trump est particuli\u00e8rement admiratif de la famille royale, comme l\u2019\u00e9tait sa m\u00e8re, n\u00e9e sur l\u2019\u00eele de Lewis en Ecosse et qui avait \u00e9migr\u00e9 aux Etats-Unis en\u00a01930. Lors de sa premi\u00e8re visite d\u2019Etat du 3 au 5\u00a0juin 2019, Donald Trump avait \u00e9t\u00e9 re\u00e7u par la reine Elisabeth II au palais de Buckingham. Il l\u2019avait encore rencontr\u00e9e au ch\u00e2teau de Windsor en juin\u00a02021, alors qu\u2019il \u00e9tait venu pour un sommet du <a href=\"https:\/\/www.20minutes.fr\/economie\/g7\/\" class=\"color-ultramarine c-link\" target=\"_blank\" rel=\"noopener\">G7<\/a>, et avait assist\u00e9 aux obs\u00e8ques de la souveraine le 19\u00a0septembre 2022.<\/p>\n","protected":false},"excerpt":{"rendered":"Une r\u00e9ception en grande pompe. Donald Trump se rendra au Royaume-Uni \u00e0 l\u2019invitation du roi Charles III du&hellip;\n","protected":false},"author":2,"featured_media":249837,"comment_status":"","ping_status":"","sticky":false,"template":"","format":"standard","meta":{"footnotes":""},"categories":[1588],"tags":[47,11,581,75,6609,73,1777,674,2581,74,12,473,1853,1851,1850,1852],"class_list":{"0":"post-249836","1":"post","2":"type-post","3":"status-publish","4":"format-standard","5":"has-post-thumbnail","7":"category-royaume-uni","8":"tag-actualite","9":"tag-actualites","10":"tag-charles-iii","11":"tag-donald-trump","12":"tag-ecosse","13":"tag-etats-unis","14":"tag-eu","15":"tag-europe","16":"tag-keir-starmer","17":"tag-monde","18":"tag-news","19":"tag-royaume-uni","20":"tag-royaume-uni-de-grande-bretagne-et-dirlande-du-nord","21":"tag-uk","22":"tag-united-kingdom","23":"tag-united-kingdom-of-great-britain-and-northern-ireland"},"share_on_mastodon":{"url":"https:\/\/pubeurope.com\/@fr\/114852794549502115","error":""},"_links":{"self":[{"href":"https:\/\/www.europesays.com\/fr\/wp-json\/wp\/v2\/posts\/249836","targetHints":{"allow":["GET"]}}],"collection":[{"href":"https:\/\/www.europesays.com\/fr\/wp-json\/wp\/v2\/posts"}],"about":[{"href":"https:\/\/www.europesays.com\/fr\/wp-json\/wp\/v2\/types\/post"}],"author":[{"embeddable":true,"href":"https:\/\/www.europesays.com\/fr\/wp-json\/wp\/v2\/users\/2"}],"replies":[{"embeddable":true,"href":"https:\/\/www.europesays.com\/fr\/wp-json\/wp\/v2\/comments?post=249836"}],"version-history":[{"count":0,"href":"https:\/\/www.europesays.com\/fr\/wp-json\/wp\/v2\/posts\/249836\/revisions"}],"wp:featuredmedia":[{"embeddable":true,"href":"https:\/\/www.europesays.com\/fr\/wp-json\/wp\/v2\/media\/249837"}],"wp:attachment":[{"href":"https:\/\/www.europesays.com\/fr\/wp-json\/wp\/v2\/media?parent=249836"}],"wp:term":[{"taxonomy":"category","embeddable":true,"href":"https:\/\/www.europesays.com\/fr\/wp-json\/wp\/v2\/categories?post=249836"},{"taxonomy":"post_tag","embeddable":true,"href":"https:\/\/www.europesays.com\/fr\/wp-json\/wp\/v2\/tags?post=249836"}],"curies":[{"name":"wp","href":"https:\/\/api.w.org\/{rel}","templated":true}]}}