{"id":249840,"date":"2025-07-14T17:36:13","date_gmt":"2025-07-14T17:36:13","guid":{"rendered":"https:\/\/www.europesays.com\/fr\/249840\/"},"modified":"2025-07-14T17:36:13","modified_gmt":"2025-07-14T17:36:13","slug":"un-des-plus-beaux-villages-de-france-celebre-leurope","status":"publish","type":"post","link":"https:\/\/www.europesays.com\/fr\/249840\/","title":{"rendered":"un des plus beaux villages de France c\u00e9l\u00e8bre l\u2019Europe"},"content":{"rendered":"<p>Apr\u00e8s Loches le 11\u00a0juillet, Montr\u00e9sor a f\u00eat\u00e9 \u00e0 son tour l\u2019Europe. L\u2019association Europe Berry Touraine a r\u00e9uni 190 jeunes de 11 pays, samedi 12\u00a0juillet 2025 dans la prairie des Balcons de l\u2019Indrois. \u00c9dith Cartier, une des organisatrices, pr\u00e9cise\u00a0: \u00ab\u00a0Tous sont all\u00e9s \u00e0 l\u2019\u00e9tranger gr\u00e2ce au programme d\u2019\u00e9change Erasmus +. Ils viennent d\u2019\u00e9tablissements scolaires, de centres cu&#8230; <\/p>\n<p>    Cet article a \u00e9t\u00e9 tronqu\u00e9. Abonnez-vous pour lire l&rsquo;article complet sur notre site.<\/p>\n<p style=\"margin: 0 !important; padding: 0 !important; font-size: 12px !important;\">Cet article a \u00e9t\u00e9 tronqu\u00e9. Abonnez-vous pour lire l&rsquo;article complet.<\/p>\n<p>    <a href=\"https:\/\/www.lanouvellerepublique.fr\/abonnements\" style=\"display: inline-block; margin-top: 5px !important; padding: 6px 12px !important; background: #cb1c27; color: white; text-decoration: none; border-radius: 4px; font-size: 12px !important;\" target=\"_blank\" rel=\"noopener\"><br \/>\n      S&rsquo;abonner<br \/>\n    <\/a><\/p>\n","protected":false},"excerpt":{"rendered":"Apr\u00e8s Loches le 11\u00a0juillet, Montr\u00e9sor a f\u00eat\u00e9 \u00e0 son tour l\u2019Europe. L\u2019association Europe Berry Touraine a r\u00e9uni 190&hellip;\n","protected":false},"author":2,"featured_media":249841,"comment_status":"","ping_status":"","sticky":false,"template":"","format":"standard","meta":{"footnotes":""},"categories":[1586],"tags":[11,1674,1777,674,1011,27,38994,12,25],"class_list":{"0":"post-249840","1":"post","2":"type-post","3":"status-publish","4":"format-standard","5":"has-post-thumbnail","7":"category-europe","8":"tag-actualites","9":"tag-communes","10":"tag-eu","11":"tag-europe","12":"tag-fr","13":"tag-france","14":"tag-montresor","15":"tag-news","16":"tag-republique-francaise"},"share_on_mastodon":{"url":"https:\/\/pubeurope.com\/@fr\/114852802338018605","error":""},"_links":{"self":[{"href":"https:\/\/www.europesays.com\/fr\/wp-json\/wp\/v2\/posts\/249840","targetHints":{"allow":["GET"]}}],"collection":[{"href":"https:\/\/www.europesays.com\/fr\/wp-json\/wp\/v2\/posts"}],"about":[{"href":"https:\/\/www.europesays.com\/fr\/wp-json\/wp\/v2\/types\/post"}],"author":[{"embeddable":true,"href":"https:\/\/www.europesays.com\/fr\/wp-json\/wp\/v2\/users\/2"}],"replies":[{"embeddable":true,"href":"https:\/\/www.europesays.com\/fr\/wp-json\/wp\/v2\/comments?post=249840"}],"version-history":[{"count":0,"href":"https:\/\/www.europesays.com\/fr\/wp-json\/wp\/v2\/posts\/249840\/revisions"}],"wp:featuredmedia":[{"embeddable":true,"href":"https:\/\/www.europesays.com\/fr\/wp-json\/wp\/v2\/media\/249841"}],"wp:attachment":[{"href":"https:\/\/www.europesays.com\/fr\/wp-json\/wp\/v2\/media?parent=249840"}],"wp:term":[{"taxonomy":"category","embeddable":true,"href":"https:\/\/www.europesays.com\/fr\/wp-json\/wp\/v2\/categories?post=249840"},{"taxonomy":"post_tag","embeddable":true,"href":"https:\/\/www.europesays.com\/fr\/wp-json\/wp\/v2\/tags?post=249840"}],"curies":[{"name":"wp","href":"https:\/\/api.w.org\/{rel}","templated":true}]}}