{"id":249849,"date":"2025-07-14T17:41:14","date_gmt":"2025-07-14T17:41:14","guid":{"rendered":"https:\/\/www.europesays.com\/fr\/249849\/"},"modified":"2025-07-14T17:41:14","modified_gmt":"2025-07-14T17:41:14","slug":"francesco-molinari-rejoint-son-frere-aux-cotes-de-luke-donald-pour-la-prochaine-ryder-cup","status":"publish","type":"post","link":"https:\/\/www.europesays.com\/fr\/249849\/","title":{"rendered":"Francesco Molinari rejoint son fr\u00e8re aux c\u00f4t\u00e9s de Luke Donald pour la prochaine Ryder Cup"},"content":{"rendered":"<p>\t\t\t\t\t\t<img width=\"770\" height=\"557\" src=\"https:\/\/www.europesays.com\/fr\/wp-content\/uploads\/2025\/07\/francesco-vice-captain-ryder-cup-770x557.jpg\" class=\"img-responsive wp-post-image\" alt=\"Francesco-Vice-Captain-ryder-cup \u00a9Ryder Cup Europe\" decoding=\"async\" fetchpriority=\"high\"  \/>\t\t\t\t\t<\/p>\n<p>\t\t\t\t\t\t Partager cet article <\/p>\n<p class=\"screen-reader-text juiz_sps_maybe_hidden_text\">Partager la publication \u00ab\u00a0Francesco Molinari rejoint son fr\u00e8re aux c\u00f4t\u00e9s de Luke Donald pour la prochaine Ryder Cup\u00a0\u00bb<\/p>\n<p><strong>Luke Donald a d\u00e9voil\u00e9 sans surprise le nom de son quatri\u00e8me vice-capitaine pour la prochaine Ryder Cup 2025, qui se jouera \u00e0 Bethpage Black aux \u00c9tats-Unis, du 26 au 28 septembre 2025. Il s\u2019agit de Francesco Molinari.<\/strong><\/p>\n<p>\u00a0<\/p>\n<p>Le cadet de la fratrie Molinari reprend ses fonctions apr\u00e8s avoir d\u00e9j\u00e0 \u00e9t\u00e9 vice-capitaine lors de la Ryder Cup 2023 \u00e0 Rome, o\u00f9 <a href=\"https:\/\/www.golfplanete.com\/actualites\/la-ryder-cup-revient-en-europe\/\" rel=\"nofollow noopener\" target=\"_blank\">l\u2019\u00e9quipe europ\u00e9enne avait battu les \u00c9tats-Unis 16,5 \u00e0 11,5<\/a> au <strong>Marco Simone Golf and Country Club<\/strong>.<\/p>\n<p>L\u2019Italien rejoint son fr\u00e8re <strong>Edoardo<\/strong>, <strong>Thomas Bj\u00f8rn<\/strong> et <strong>Jos\u00e9<\/strong> <strong>Mar\u00eda<\/strong> <strong>Olaz\u00e1bal<\/strong> dans l\u2019\u00e9quipe de l\u2019Anglais <strong>Luke<\/strong> <strong>Donald<\/strong>, alors que l\u2019\u00e9quipe europ\u00e9enne va tenter de d\u00e9fendre la coupe sur le sol US ce qui n\u2019a plus \u00e9t\u00e9 fait depuis 2012 \u00e0 Medinah.<\/p>\n<p>Molinari faisait alors partie de l\u2019\u00e9quipe et avait pris un demi-point dans son simple face \u00e0 Tiger Woods.<\/p>\n<p>\t\t\t\t\t<a id=\"178471\" href=\"https:\/\/golfplus.fr\/soldes-c559\" target=\"_blank\" rel=\"sponsorised nofollow noopener\"><img decoding=\"async\" src=\"data:image\/svg+xml,%3Csvg%20xmlns=\" http:=\"\" class=\"img-responsive\" alt=\"\" data-lazy-src=\"https:\/\/www.europesays.com\/fr\/wp-content\/uploads\/2025\/07\/golfplus-e18-soldes-2e-demarque-1170x275-1.jpg\"\/><\/a><\/p>\n<p>Deux ans plus t\u00f4t en 2010, il avait d\u00e9j\u00e0 fait ses premiers pas en tant que joueur aux c\u00f4t\u00e9s de son fr\u00e8re Edoardo au <strong>Celtic Manor Resort<\/strong> sous le capitanat de Colin Montgomerie.<\/p>\n<p>En 2018 lors de la victoire de l\u2019Europe 17,5-10,5 au <strong>Golf National<\/strong>, il est devenu le premier joueur europ\u00e9en \u00e0 remporter ses cinq matchs dans l\u2019\u00e9quipe dirig\u00e9e par le Danois Thomas Bj\u00f8rn.<\/p>\n<p>Plus t\u00f4t cette ann\u00e9e-l\u00e0, il avait remport\u00e9 l\u2019Open Championship \u00e0 Carnoustie, devenant ainsi le premier italien vainqueur de tournoi Majeur.<\/p>\n<p>\u00ab Je suis tr\u00e8s heureux de faire \u00e0 nouveau partie de l\u2019\u00e9quipe. J\u2019ai vraiment appr\u00e9ci\u00e9 de faire partie de l\u2019\u00e9quipe de Luke \u00e0 Rome et d\u2019aider les joueurs. Luke est quelqu\u2019un de tr\u00e8s intelligent et impliqu\u00e9. Il a connu beaucoup de succ\u00e8s et il est tr\u00e8s agr\u00e9able de travailler avec lui. C\u2019\u00e9tait formidable de constater de visu l\u2019investissement qu\u2019il s\u2019investit dans son r\u00f4le de capitaine. Il a fait de m\u00eame il y a deux ans et il continue de le faire aujourd\u2019hui. Il montre l\u2019exemple, ce qui transmet sa passion aux joueurs.\u00bb a d\u00e9clar\u00e9 Molinari.<\/p>\n<p>\t\t\t\t\t<a id=\"178042\" href=\"https:\/\/leclub-golf.com\/fr\/actualites\/team-sud-ouest-vs-team-sud-est-le-duel-de-lete?utm_source=golf+planete&amp;utm_medium=referral&amp;utm_campaign=team+sud&amp;utm_id=team+sud_golf+planete_referral_banner\" target=\"_blank\" rel=\"sponsorised nofollow noopener\"><img decoding=\"async\" src=\"data:image\/svg+xml,%3Csvg%20xmlns=\" http:=\"\" class=\"img-responsive\" alt=\"\" data-lazy-src=\"https:\/\/www.europesays.com\/fr\/wp-content\/uploads\/2025\/07\/leclubgolf-e08-duel-teams-1170x275-1.png\"\/><\/a><\/p>\n<p>\u00a0<\/p>\n<p>\u00a9Ryder Cup Europe<\/p>\n","protected":false},"excerpt":{"rendered":"Partager cet article Partager la publication \u00ab\u00a0Francesco Molinari rejoint son fr\u00e8re aux c\u00f4t\u00e9s de Luke Donald pour la&hellip;\n","protected":false},"author":2,"featured_media":249850,"comment_status":"","ping_status":"","sticky":false,"template":"","format":"standard","meta":{"footnotes":""},"categories":[1418],"tags":[1011,27,1472,60],"class_list":{"0":"post-249849","1":"post","2":"type-post","3":"status-publish","4":"format-standard","5":"has-post-thumbnail","7":"category-golf","8":"tag-fr","9":"tag-france","10":"tag-golf","11":"tag-sports"},"share_on_mastodon":{"url":"https:\/\/pubeurope.com\/@fr\/114852822040402582","error":""},"_links":{"self":[{"href":"https:\/\/www.europesays.com\/fr\/wp-json\/wp\/v2\/posts\/249849","targetHints":{"allow":["GET"]}}],"collection":[{"href":"https:\/\/www.europesays.com\/fr\/wp-json\/wp\/v2\/posts"}],"about":[{"href":"https:\/\/www.europesays.com\/fr\/wp-json\/wp\/v2\/types\/post"}],"author":[{"embeddable":true,"href":"https:\/\/www.europesays.com\/fr\/wp-json\/wp\/v2\/users\/2"}],"replies":[{"embeddable":true,"href":"https:\/\/www.europesays.com\/fr\/wp-json\/wp\/v2\/comments?post=249849"}],"version-history":[{"count":0,"href":"https:\/\/www.europesays.com\/fr\/wp-json\/wp\/v2\/posts\/249849\/revisions"}],"wp:featuredmedia":[{"embeddable":true,"href":"https:\/\/www.europesays.com\/fr\/wp-json\/wp\/v2\/media\/249850"}],"wp:attachment":[{"href":"https:\/\/www.europesays.com\/fr\/wp-json\/wp\/v2\/media?parent=249849"}],"wp:term":[{"taxonomy":"category","embeddable":true,"href":"https:\/\/www.europesays.com\/fr\/wp-json\/wp\/v2\/categories?post=249849"},{"taxonomy":"post_tag","embeddable":true,"href":"https:\/\/www.europesays.com\/fr\/wp-json\/wp\/v2\/tags?post=249849"}],"curies":[{"name":"wp","href":"https:\/\/api.w.org\/{rel}","templated":true}]}}