{"id":249851,"date":"2025-07-14T17:43:11","date_gmt":"2025-07-14T17:43:11","guid":{"rendered":"https:\/\/www.europesays.com\/fr\/249851\/"},"modified":"2025-07-14T17:43:11","modified_gmt":"2025-07-14T17:43:11","slug":"david-ribbans-nest-pas-dans-le-top-5-des-meilleurs-deuxiemes-lignes-du-top-14","status":"publish","type":"post","link":"https:\/\/www.europesays.com\/fr\/249851\/","title":{"rendered":"David Ribbans n&rsquo;est pas dans le Top 5 des meilleurs deuxi\u00e8mes lignes du Top 14 !"},"content":{"rendered":"<p>Ce lundi, Midi Olympique d\u00e9voile dans son \u00e9dition du Midol rouge le Top 10 des meilleurs deuxi\u00e8mes lignes du Top 14 2024-2025.<\/p>\n<p>C\u2019est de nouveau un Toulousain qui figure en haut de ce classement, Thibaud Flament.<\/p>\n<p>Le podium est occup\u00e9 par les Fran\u00e7ais.<\/p>\n<p>Un seul Toulonnais apparait dans ce Top, David Ribbans, 6\u00e8me, tandis que trois Toulousains, deux Bordelais et deux Lyonnais en font partie.<\/p>\n<p><strong>Le Top 10 des deuxi\u00e8mes lignes selon Midi Olympique :<\/strong><\/p>\n<ol>\n<li>Thibaud Flament (Toulouse)<\/li>\n<li>Cyril Cazeaux (UBB)<\/li>\n<li>Micka\u00ebl Guillard (Lyon)<\/li>\n<li>Guido Petti (UBB)<\/li>\n<li>Joshua Brennan (Toulouse)<\/li>\n<li>David Ribbans (Toulon)<\/li>\n<li>Emmanuel Meafou (Toulouse)<\/li>\n<li>Will Skelton (La Rochelle)<\/li>\n<li>Tyler Duguid (MHR)<\/li>\n<li>Th\u00e9o William (Lyon)<\/li>\n<\/ol>\n","protected":false},"excerpt":{"rendered":"Ce lundi, Midi Olympique d\u00e9voile dans son \u00e9dition du Midol rouge le Top 10 des meilleurs deuxi\u00e8mes lignes&hellip;\n","protected":false},"author":2,"featured_media":249852,"comment_status":"","ping_status":"","sticky":false,"template":"","format":"standard","meta":{"footnotes":""},"categories":[1416],"tags":[1011,27,479,1468,60],"class_list":{"0":"post-249851","1":"post","2":"type-post","3":"status-publish","4":"format-standard","5":"has-post-thumbnail","7":"category-rugby","8":"tag-fr","9":"tag-france","10":"tag-rugby","11":"tag-rugby-football","12":"tag-sports"},"share_on_mastodon":{"url":"https:\/\/pubeurope.com\/@fr\/114852829797238954","error":""},"_links":{"self":[{"href":"https:\/\/www.europesays.com\/fr\/wp-json\/wp\/v2\/posts\/249851","targetHints":{"allow":["GET"]}}],"collection":[{"href":"https:\/\/www.europesays.com\/fr\/wp-json\/wp\/v2\/posts"}],"about":[{"href":"https:\/\/www.europesays.com\/fr\/wp-json\/wp\/v2\/types\/post"}],"author":[{"embeddable":true,"href":"https:\/\/www.europesays.com\/fr\/wp-json\/wp\/v2\/users\/2"}],"replies":[{"embeddable":true,"href":"https:\/\/www.europesays.com\/fr\/wp-json\/wp\/v2\/comments?post=249851"}],"version-history":[{"count":0,"href":"https:\/\/www.europesays.com\/fr\/wp-json\/wp\/v2\/posts\/249851\/revisions"}],"wp:featuredmedia":[{"embeddable":true,"href":"https:\/\/www.europesays.com\/fr\/wp-json\/wp\/v2\/media\/249852"}],"wp:attachment":[{"href":"https:\/\/www.europesays.com\/fr\/wp-json\/wp\/v2\/media?parent=249851"}],"wp:term":[{"taxonomy":"category","embeddable":true,"href":"https:\/\/www.europesays.com\/fr\/wp-json\/wp\/v2\/categories?post=249851"},{"taxonomy":"post_tag","embeddable":true,"href":"https:\/\/www.europesays.com\/fr\/wp-json\/wp\/v2\/tags?post=249851"}],"curies":[{"name":"wp","href":"https:\/\/api.w.org\/{rel}","templated":true}]}}