{"id":249855,"date":"2025-07-14T17:46:14","date_gmt":"2025-07-14T17:46:14","guid":{"rendered":"https:\/\/www.europesays.com\/fr\/249855\/"},"modified":"2025-07-14T17:46:14","modified_gmt":"2025-07-14T17:46:14","slug":"le-programme-du-gp-de-republique-tcheque-motogp-2025","status":"publish","type":"post","link":"https:\/\/www.europesays.com\/fr\/249855\/","title":{"rendered":"Le programme du GP de R\u00e9publique tch\u00e8que MotoGP 2025"},"content":{"rendered":"<p>Avant de passer en mode vacances, le MotoGP a un dernier Grand Prix \u00e0 vivre cette semaine. Et il le fera en mettant cap \u00e0 l&rsquo;est pour s&rsquo;installer \u00e0 Brno. Longtemps, ce rendez-vous en R\u00e9publique tch\u00e8que a marqu\u00e9 le retour de la pause estivale et l&rsquo;entr\u00e9e dans la seconde moiti\u00e9 de la saison, mais pour ses retrouvailles avec le championnat, Brno change l\u00e9g\u00e8rement de position sur l&rsquo;agenda.<\/p>\n<p>Le circuit accueille un contingent MotoGP qui l&rsquo;avait d\u00e9sert\u00e9 juste apr\u00e8s le Covid et qui sera curieux de d\u00e9couvrir le r\u00e9sultat des r\u00e9cents travaux. L&rsquo;interruption aura \u00e9t\u00e9 br\u00e8ve pour un pays qui a figur\u00e9 au calendrier des Grands Prix mondiaux d\u00e8s son ind\u00e9pendance en 1993, dans la continuit\u00e9 du Grand Prix de Tch\u00e9coslovaquie qui fut une manche stable du championnat du monde de 1965 \u00e0 1982. Fort d&rsquo;une longue tradition motocycliste, Brno a accueilli chacun de ces Grands Prix, d&rsquo;abord avec un circuit routier puis depuis 1987 avec l&rsquo;Automotodrom qui r\u00e9int\u00e8gre l&rsquo;agenda aujourd&rsquo;hui.<\/p>\n<p>Lire aussi :<\/p>\n<p>Les horaires du GP de R\u00e9publique tch\u00e8que<\/p>\n<tr>\n<p style=\"text-align: left;\"><strong>Date<\/strong><\/p>\n<p>\u00a0<\/p>\n<p style=\"text-align: left;\"><strong>S\u00e9ance<\/strong><\/p>\n<p style=\"text-align: left;\"><strong>Heure fran\u00e7aise<\/strong><\/p>\n<\/tr>\n<tr>\n<td style=\"width: 34%;\"><strong>Vendredi 18 juillet<\/strong><\/td>\n<td style=\"width: 33%;\">Essais Libres 1<\/td>\n<td style=\"width: 33%;\">10h45 &#8211; 11h30<\/td>\n<\/tr>\n<tr>\n<td style=\"width: 34%;\">\u00a0<\/td>\n<td style=\"width: 33%;\">Essais<\/td>\n<td style=\"width: 33%;\">15h00 &#8211; 16h00<\/td>\n<\/tr>\n<tr>\n<td style=\"width: 34%;\">\u00a0<\/td>\n<td style=\"width: 33%;\">\u00a0<\/td>\n<td style=\"width: 33%;\">\u00a0<\/td>\n<\/tr>\n<tr>\n<td style=\"width: 34%;\"><strong>Samedi 19 juillet<\/strong><\/td>\n<td style=\"width: 33%;\">Essais Libres 2<\/td>\n<td style=\"width: 33%;\">10h10 &#8211; 10h40<\/td>\n<\/tr>\n<tr>\n<td style=\"width: 34%;\">\u00a0<\/td>\n<td style=\"width: 33%;\">Qualifications<\/td>\n<td style=\"width: 33%;\">10h50 &#8211; 11h30<\/td>\n<\/tr>\n<tr>\n<td style=\"width: 34%;\">\u00a0<\/td>\n<td style=\"width: 33%;\">Course sprint<\/td>\n<td style=\"width: 33%;\">15h00<\/td>\n<\/tr>\n<tr>\n<td style=\"width: 34%;\">\u00a0<\/td>\n<td style=\"width: 33%;\">\u00a0<\/td>\n<td style=\"width: 33%;\">\u00a0<\/td>\n<\/tr>\n<tr>\n<td style=\"width: 34%;\"><strong>Dimanche 20 juillet<\/strong><\/td>\n<td style=\"width: 33%;\">Warm-up<\/td>\n<td style=\"width: 33%;\">9h40 &#8211; 9h50<\/td>\n<\/tr>\n<tr>\n<td style=\"width: 34%;\">\u00a0<\/td>\n<td style=\"width: 33%;\">Course<\/td>\n<td style=\"width: 33%;\">14h00<\/td>\n<\/tr>\n<p>Le programme classique des Grands Prix europ\u00e9ens s&rsquo;applique. Le d\u00e9part de la course principale MotoGP sera donc donn\u00e9 dimanche \u00e0 14h, tandis que le sprint se courra samedi \u00e0 15h.<\/p>\n<p>Retrouvez le programme \u00e0 votre heure <a href=\"https:\/\/fr.motorsport.com\/location\/brno\/1372\/\" target=\"_self\" rel=\"noopener\">ici<\/a>.<\/p>\n<p>Comment suivre le Grand Prix de R\u00e9publique tch\u00e8que ?<\/p>\n<p>Les cha\u00eenes du groupe Canal+ sont le diffuseur officiel du MotoGP en France. Comme \u00e0 l&rsquo;accoutum\u00e9e, elles retransmettront l&rsquo;int\u00e9gralit\u00e9 du programme du GP de R\u00e9publique tch\u00e8que cette semaine. Il faudra s&rsquo;installer sur Canal+ Sport 360 pour suivre les deux premi\u00e8res journ\u00e9es, pour les trois cat\u00e9gories, ce qui inclut les essais, les qualifications et la course sprint MotoGP. Dimanche, le warm-up sera toujours diffus\u00e9 sur Canal+ Sport 360, de m\u00eame que les courses des cat\u00e9gories Moto2 et Moto3. Il faudra ensuite basculer sur Canal+ pour la course MotoGP.<\/p>\n<p>Le circuit de Brno<\/p>\n<p>Piste rapide, affichant une moyenne au tour \u00e9lev\u00e9e, Brno se caract\u00e9rise par de fortes acc\u00e9l\u00e9rations, des freinages appuy\u00e9s, mais aussi un d\u00e9nivel\u00e9 important puisque 70 m\u00e8tres s\u00e9parent le point le plus bas du point culminant de ce trac\u00e9 nich\u00e9 au c\u0153ur des collines et des for\u00eats. Les 14 virages, majoritairement \u00e0 droite, offrent de nombreuses opportunit\u00e9s de d\u00e9passement, sans compter le gros freinage au bout de la ligne droite principale, qui n&rsquo;est pas en reste en mati\u00e8re de spectacle ! Un circuit \u00e0 l&rsquo;ancienne, que les pilotes appr\u00e9cient g\u00e9n\u00e9ralement beaucoup, et qui a \u00e9t\u00e9 r\u00e9cemment resurfac\u00e9 pour gommer ses bosses.<\/p>\n<p><img decoding=\"async\" class=\"sizer\" draggable=\"false\" src=\"data:image\/png;base64,iVBORw0KGgoAAAANSUhEUgAAABAAAAAJCAYAAAA7KqwyAAAAGXRFWHRTb2Z0d2FyZQBBZG9iZSBJbWFnZVJlYWR5ccllPAAAABpJREFUeNpi\/P\/\/PwMlgImBQjBqwLAwACDAAOVfAw9\/ZDvcAAAAAElFTkSuQmCC\" alt=\"\" loading=\"lazy\"\/><\/p>\n<p class=\"title\">VID\u00c9O &#8211; Un tour du circuit de Brno dans MotoGP 18<\/p>\n<p><strong>Caract\u00e9ristiques de la piste\u00a0:<\/strong><\/p>\n<tr>\n<td style=\"width: 50%;\"><strong>Construction<\/strong><\/td>\n<td style=\"width: 50%;\">1987<\/td>\n<\/tr>\n<tr>\n<td style=\"width: 50%;\"><strong>Longueur de la piste<\/strong><\/td>\n<td style=\"width: 50%;\">5,403 km<\/td>\n<\/tr>\n<tr>\n<td style=\"width: 50%;\"><strong>Largeur de la piste<\/strong><\/td>\n<td style=\"width: 50%;\">15 m<\/td>\n<\/tr>\n<tr>\n<td style=\"width: 50%;\"><strong>Virages<\/strong><\/td>\n<td style=\"width: 50%;\">6 gauche &#8211; 8 droite<\/td>\n<\/tr>\n<tr>\n<td style=\"width: 50%;\"><strong>Plus longue ligne droite<\/strong><\/td>\n<td style=\"width: 50%;\">636 m<\/td>\n<\/tr>\n<tr>\n<td style=\"width: 50%;\"><strong>Pole position<\/strong><\/td>\n<td style=\"width: 50%;\">\u00e0 gauche<\/td>\n<\/tr>\n<tr>\n<td style=\"width: 50%;\"><strong>Distance de la course MotoGP<\/strong><\/td>\n<td style=\"width: 50%;\">113,463 km (21 tours)<\/td>\n<\/tr>\n<tr>\n<td style=\"width: 50%;\"><strong>Distance de la course sprint<\/strong><\/td>\n<td style=\"width: 50%;\">54,030 km (10 tours)<\/td>\n<\/tr>\n<p><strong>Records en vigueur\u00a0:<\/strong><\/p>\n<tr>\n<td style=\"width: 32%;\"><strong>Record absolu<\/strong><\/td>\n<td style=\"width: 32%;\"><img decoding=\"async\" src=\"https:\/\/www.europesays.com\/fr\/wp-content\/uploads\/2025\/05\/Honda.png\" width=\"20\" loading=\"lazy\"\/>\u00a0M. M\u00e1rquez<\/td>\n<td style=\"width: 18%;\">1&rsquo;54&Prime;596<\/td>\n<td style=\"width: 18%;\">2016<\/td>\n<\/tr>\n<tr>\n<td style=\"width: 32%;\"><strong>Meilleur temps en course<\/strong><\/td>\n<td style=\"width: 32%;\"><img decoding=\"async\" src=\"https:\/\/www.europesays.com\/fr\/wp-content\/uploads\/2025\/05\/Honda.png\" width=\"20\" loading=\"lazy\"\/> D. Pedrosa<\/td>\n<td style=\"width: 18%;\">1&rsquo;56&Prime;027<\/td>\n<td style=\"width: 18%;\">2014<\/td>\n<\/tr>\n<tr>\n<td style=\"width: 32%;\"><strong>Record V-max<\/strong><\/td>\n<td style=\"width: 32%;\"><img decoding=\"async\" src=\"https:\/\/www.europesays.com\/fr\/wp-content\/uploads\/2025\/04\/Ducati.png\" width=\"20\" loading=\"lazy\"\/> A. Dovizioso<\/td>\n<td style=\"width: 18%;\">316,7 km\/h<\/td>\n<td style=\"width: 18%;\">2020<\/td>\n<\/tr>\n<tr>\n<td style=\"width: 32%;\"><strong>Record vitesse moyenne<\/strong><\/td>\n<td style=\"width: 32%;\"><img decoding=\"async\" src=\"https:\/\/www.europesays.com\/fr\/wp-content\/uploads\/2025\/05\/Honda.png\" width=\"20\" loading=\"lazy\"\/>\u00a0M. M\u00e1rquez<\/td>\n<td style=\"width: 18%;\">169,7km\/h<\/td>\n<td style=\"width: 18%;\">2016<\/td>\n<\/tr>\n<p>Le palmar\u00e8s du GP de R\u00e9publique tch\u00e8que<\/p>\n<p>Longtemps, le GP de R\u00e9publique tch\u00e8que a vu les vainqueurs diff\u00e9rents se succ\u00e9der. Dani Pedrosa en 2014, Jorge Lorenzo en 2015, Cal Crutchlow en 2016, Marc M\u00e1rquez en 2017, Andrea Dovizioso en 2018\u00a0:\u00a0ils ont \u00e9t\u00e9 six \u00e0 s&rsquo;alterner avant que M\u00e1rquez ne parvienne \u00e0 r\u00e9\u00e9diter son succ\u00e8s en 2019, ann\u00e9e de sa domination totale sur le championnat.<\/p>\n<p>La derni\u00e8re \u00e9dition en date, en 2020, a tourn\u00e9 \u00e0 l&rsquo;avantage de Brad Binder, dans une victoire qui a fait date\u00a0:\u00a0il s&rsquo;agissait de la premi\u00e8re du Sud-Africain, \u00e0 son troisi\u00e8me d\u00e9part en MotoGP, et de la premi\u00e8re aussi de KTM. C&rsquo;est toutefois Honda qui compte le plus grand nombre de victoires sur place, neuf, face aux six succ\u00e8s de Yamaha qui n&rsquo;a plus gagn\u00e9 sur place depuis dix ans. Ducati s&rsquo;est d\u00e9j\u00e0 impos\u00e9 trois fois, durant les \u00e8res Stoner, Capirossi et Dovizioso, et on imagine ais\u00e9ment que la marque va chercher \u00e0 marquer de son empreinte le retour du circuit tch\u00e8que dans le championnat.<\/p>\n<p><strong>Les derniers polemen et vainqueurs au GP de R\u00e9publique tch\u00e8que :<\/strong><\/p>\n<p><strong>Course suivante\u00a0:<\/strong> Grand Prix d&rsquo;Autriche (15-17 ao\u00fbt)<\/p>\n<p><a href=\"https:\/\/fr.motorsport.com\/motogp\/schedule\/2025\/?event_types%5B%5D=race\" target=\"_self\" rel=\"noopener\">Calendrier MotoGP<\/a><\/p>\n<p>Dans cet article<\/p>\n<p>Soyez le premier inform\u00e9 et souscrivez aux alertes mails pour recevoir les infos en temps r\u00e9el<\/p>\n<p>    S&rsquo;abonner aux alertes de news<\/p>\n","protected":false},"excerpt":{"rendered":"Avant de passer en mode vacances, le MotoGP a un dernier Grand Prix \u00e0 vivre cette semaine. Et&hellip;\n","protected":false},"author":2,"featured_media":249856,"comment_status":"","ping_status":"","sticky":false,"template":"","format":"standard","meta":{"footnotes":""},"categories":[1413],"tags":[37813,1011,27,37812,1457,1456,1458,60],"class_list":{"0":"post-249855","1":"post","2":"type-post","3":"status-publish","4":"format-standard","5":"has-post-thumbnail","7":"category-moto","8":"tag-brno-circuit","9":"tag-fr","10":"tag-france","11":"tag-gp-de-ru00e9publique-tchu00e8que","12":"tag-moto","13":"tag-motocycle","14":"tag-motogp","15":"tag-sports"},"share_on_mastodon":{"url":"https:\/\/pubeurope.com\/@fr\/114852841954281135","error":""},"_links":{"self":[{"href":"https:\/\/www.europesays.com\/fr\/wp-json\/wp\/v2\/posts\/249855","targetHints":{"allow":["GET"]}}],"collection":[{"href":"https:\/\/www.europesays.com\/fr\/wp-json\/wp\/v2\/posts"}],"about":[{"href":"https:\/\/www.europesays.com\/fr\/wp-json\/wp\/v2\/types\/post"}],"author":[{"embeddable":true,"href":"https:\/\/www.europesays.com\/fr\/wp-json\/wp\/v2\/users\/2"}],"replies":[{"embeddable":true,"href":"https:\/\/www.europesays.com\/fr\/wp-json\/wp\/v2\/comments?post=249855"}],"version-history":[{"count":0,"href":"https:\/\/www.europesays.com\/fr\/wp-json\/wp\/v2\/posts\/249855\/revisions"}],"wp:featuredmedia":[{"embeddable":true,"href":"https:\/\/www.europesays.com\/fr\/wp-json\/wp\/v2\/media\/249856"}],"wp:attachment":[{"href":"https:\/\/www.europesays.com\/fr\/wp-json\/wp\/v2\/media?parent=249855"}],"wp:term":[{"taxonomy":"category","embeddable":true,"href":"https:\/\/www.europesays.com\/fr\/wp-json\/wp\/v2\/categories?post=249855"},{"taxonomy":"post_tag","embeddable":true,"href":"https:\/\/www.europesays.com\/fr\/wp-json\/wp\/v2\/tags?post=249855"}],"curies":[{"name":"wp","href":"https:\/\/api.w.org\/{rel}","templated":true}]}}