{"id":249859,"date":"2025-07-14T17:48:09","date_gmt":"2025-07-14T17:48:09","guid":{"rendered":"https:\/\/www.europesays.com\/fr\/249859\/"},"modified":"2025-07-14T17:48:09","modified_gmt":"2025-07-14T17:48:09","slug":"healy-en-jaune-vauquelin-sort-du-podium-le-classement-general-apres-la-10e-etape","status":"publish","type":"post","link":"https:\/\/www.europesays.com\/fr\/249859\/","title":{"rendered":"Healy en jaune, Vauquelin sort du podium&#8230; Le classement g\u00e9n\u00e9ral apr\u00e8s la 10e \u00e9tape"},"content":{"rendered":"<p>D\u00e9couvrez le classement g\u00e9n\u00e9ral de la Grande boucle \u00e0 l\u2019issue de la dixi\u00e8me \u00e9tape, courue ce lundi entre Ennezat et Le Mont-Dore Puy de Sancy.<\/p>\n<p class=\"fig-paragraph\">Cette premi\u00e8re \u00e9tape de moyenne montagne sur le\u00a0<a href=\"http:\/\/www.lefigaro.fr\/sports\/cyclisme\/tour-de-france\/tour-de-france-si-je-trouve-ca-va-faire-du-bruit-nick-raudenski-l-ex-chasseur-de-terroristes-qui-traque-les-moteurs-dans-le-peloton-20250714\" data-fig-type=\"NewsFlash\" data-gtm-custom-categorie=\"navigation\" data-gtm-custom-action=\"crossclick\" data-gtm-custom-label=\"Contextuel\" data-gtm-event=\"customEventSPE\" data-fig-domain=\"LEFIGARO\" target=\"_blank\" rel=\"noopener\">Tour de France 2025<\/a>, courue un jour de F\u00eate Nationale, promettait des \u00e9tincelles \u00e0 tous les niveaux. Si les Fran\u00e7ais ne tiennent toujours pas leur premi\u00e8re victoire d\u2019\u00e9tape \u00e0 domicile, ils pourront se consoler avec le maillot \u00e0 pois que s\u2019est adjug\u00e9 Lenny Martinez\u00a0<a href=\"http:\/\/www.lefigaro.fr\/sports\/cyclisme\/tour-de-france\/tour-de-france-le-britannique-simon-yates-remporte-la-10e-etape-ben-healy-prend-le-maillot-jaune-a-tadej-pogacar-20250714\" data-fig-type=\"NewsFlash\" data-gtm-custom-categorie=\"navigation\" data-gtm-custom-action=\"crossclick\" data-gtm-custom-label=\"Contextuel\" data-gtm-event=\"customEventSPE\" data-fig-domain=\"LEFIGARO\" target=\"_blank\" rel=\"noopener\">\u00e0 l\u2019issue des 165,3 km au programme de ce lundi 14 juillet<\/a>. Le classement g\u00e9n\u00e9ral a lui \u00e9t\u00e9 boulevers\u00e9 par la nouvelle performance de Ben Healy, vainqueur \u00e0 Vire Normandie jeudi et dans l\u2019\u00e9chapp\u00e9e du jour.<\/p>\n<p class=\"fig-paragraph\">Malgr\u00e9 sa troisi\u00e8me place au final, il a r\u00e9cup\u00e9r\u00e9 le maillot jaune \u00e0 un Tadej Pogacar (+29\u2019\u2019) moins glouton qu\u2019\u00e0 son habitude.\u00a0<a href=\"http:\/\/www.lefigaro.fr\/sports\/cyclisme\/tour-de-france\/tour-de-france-simon-yates-la-surprise-healy-en-jaune-les-difficultes-de-vauquelin-les-tops-et-les-flops-de-la-10e-etape-20250714\" data-fig-type=\"NewsFlash\" data-gtm-custom-categorie=\"navigation\" data-gtm-custom-action=\"crossclick\" data-gtm-custom-label=\"Contextuel\" data-gtm-event=\"customEventSPE\" data-fig-domain=\"LEFIGARO\" target=\"_blank\" rel=\"noopener\">K\u00e9vin Vauquelin<\/a>\u00a0a en revanche montr\u00e9 des premiers signes de faiblesse, laissant sa place sur le podium \u00e0 Remco Evenepoel (+1\u201929\u2019\u2019). Tobias Johannessen a quant \u00e0 lui fait son apparition dans le top 10 (+5\u201903\u2019\u2019), juste derri\u00e8re un Primoz Roglic enfin \u00e0 son aise (3\u201941\u2019\u2019) sur les routes du Massif central. \u00c0 noter \u00e9galement la superbe journ\u00e9e de Jordan Jegat, 19e de l\u2019\u00e9tape et d\u00e9sormais 14e du g\u00e9n\u00e9ral (6\u201932\u2019\u2019).<\/p>\n<p>                                    <a class=\"fig-a11y-skip a11y-hidden\" href=\"#fig-a11y-skip-main-inarticle\"><br \/>\n        Passer la publicit\u00e9<br \/>\n    <\/a><\/p>\n<p class=\"fig-paragraph\"><strong>Classement g\u00e9n\u00e9ral apr\u00e8s la 10e \u00e9tape du Tour de France, courue lundi entre Ennezat et Puy de Sancy\u00a0:<\/strong><\/p>\n<p class=\"fig-paragraph\">1. Ben Healy (IRL\/EFE) 37 h 41:49.<\/p>\n<p class=\"fig-paragraph\">2. Tadej Pogacar (SLO\/UAD) \u00e0 29.<\/p>\n<p class=\"fig-paragraph\">3. Remco Evenepoel (BEL\/SOQ) 1:29.<\/p>\n<p class=\"fig-paragraph\">4. Jonas Vingegaard (DAN\/TVL) 1:46.<\/p>\n<p>                                    <a class=\"fig-a11y-skip a11y-hidden\" href=\"#fig-a11y-skip-main-inarticle_mtf\"><br \/>\n        Passer la publicit\u00e9<br \/>\n    <\/a><\/p>\n<p class=\"fig-paragraph\">5. Matteo Jorgenson (USA\/TVL) 2:06.<\/p>\n<p class=\"fig-paragraph\">6. <strong>K\u00e9vin Vauquelin<\/strong> (FRA\/ARK) 2:26.<\/p>\n<p class=\"fig-paragraph\">7. Oscar Onley (GBR\/DFP) 3:24.<\/p>\n<p class=\"fig-paragraph\">8. Florian Lipowitz (ALL\/RBH) 3:34.<\/p>\n<p class=\"fig-paragraph\">9. Primoz Roglic (SLO\/RBH) 3:41.<\/p>\n<p>                                    <a class=\"fig-a11y-skip a11y-hidden\" href=\"#fig-a11y-skip-main-inarticle_btf\"><br \/>\n        Passer la publicit\u00e9<br \/>\n    <\/a><\/p>\n<p class=\"fig-paragraph\">10. Tobias Johannessen (NOR\/UXT) 5:03.<\/p>\n<p class=\"fig-paragraph\">11. Felix Gall (AUT\/DAT) 5:38.<\/p>\n<p class=\"fig-paragraph\">12. Carlos Rodr\u00edguez (ESP\/IGD) 5:44.<\/p>\n<p class=\"fig-paragraph\">13. Enric Mas (ESP\/MOV) 5:56.<\/p>\n<p class=\"fig-paragraph\">14. <strong>Jordan Jegat<\/strong> (FRA\/TEN) 6:32.<\/p>\n<p class=\"fig-paragraph\">15. Mattias Skjelmose (DAN\/LTK) 7:02.<\/p>\n<p class=\"fig-paragraph\">16. <strong>Guillaume Martin-Guyonnet<\/strong> (FRA\/GFC) 10:44.<\/p>\n<p class=\"fig-paragraph\">17. Jhonatan Narv\u00e1ez (ECU\/UAD) 11:29.<\/p>\n<p class=\"fig-paragraph\">18. Ben O\u2019Connor (AUS\/JAY) 11:50.<\/p>\n<p class=\"fig-paragraph\">19. <strong>Romain Gr\u00e9goire<\/strong> (FRA\/GFC) 15:15.<\/p>\n<p class=\"fig-paragraph\">20. Emanuel Buchmann (ALL\/COF) 15:41.<\/p>\n<p class=\"fig-paragraph\">21. Tiesj Benoot (BEL\/TVL) 18:14.<\/p>\n<p class=\"fig-paragraph\">22. Sepp Kuss (USA\/TVL) 19:49.<\/p>\n<p class=\"fig-paragraph\">23. Simon Yates (GBR\/TVL) 20:26.<\/p>\n<p class=\"fig-paragraph\">24. Xandro Meurisse (BEL\/ADC) 21:28.<\/p>\n<p class=\"fig-paragraph\">25. Thymen Arensman (P-B\/IGD) 21:41.<\/p>\n<p class=\"fig-paragraph\">&#8230;<\/p>\n<p class=\"fig-paragraph\">26. <strong>Cl\u00e9ment Berthet<\/strong> (FRA\/DAT) 21:46.<\/p>\n<p class=\"fig-paragraph\">28.<strong> Valentin Madouas <\/strong>(FRA\/GFC) 23:28.<\/p>\n<p class=\"fig-paragraph\">29. <strong>Quentin Pacher <\/strong>(FRA\/GFC) 27:08.<\/p>\n<p class=\"fig-paragraph\">30. Mathieu van der Poel (NED\/ADC) 28:36.<\/p>\n<p class=\"fig-paragraph\">33.<strong> Warren Barguil <\/strong>(FRA\/DFP) 29:56.<\/p>\n<p class=\"fig-paragraph\">34. <strong>Alex Baudin <\/strong>(FRA\/EFE) 30:20.<\/p>\n<p class=\"fig-paragraph\">37. <strong>Alexandre Delettre<\/strong> (FRA\/TEN) 31:38.<\/p>\n<p class=\"fig-paragraph\">40. <strong>Cl\u00e9ment Venturini<\/strong> (FRA\/ARK) 33:18.<\/p>\n<p class=\"fig-paragraph\">50. <strong>Aur\u00e9lien Paret-Peintre<\/strong> (FRA\/DAT) 38:57.<\/p>\n","protected":false},"excerpt":{"rendered":"D\u00e9couvrez le classement g\u00e9n\u00e9ral de la Grande boucle \u00e0 l\u2019issue de la dixi\u00e8me \u00e9tape, courue ce lundi entre&hellip;\n","protected":false},"author":2,"featured_media":249860,"comment_status":"","ping_status":"","sticky":false,"template":"","format":"standard","meta":{"footnotes":""},"categories":[1411],"tags":[1154,207,1011,27,27464,60,1138],"class_list":{"0":"post-249859","1":"post","2":"type-post","3":"status-publish","4":"format-standard","5":"has-post-thumbnail","7":"category-cyclisme","8":"tag-cycling","9":"tag-cyclisme","10":"tag-fr","11":"tag-france","12":"tag-simon-yates","13":"tag-sports","14":"tag-tadej-pogacar"},"share_on_mastodon":{"url":"https:\/\/pubeurope.com\/@fr\/114852849470612286","error":""},"_links":{"self":[{"href":"https:\/\/www.europesays.com\/fr\/wp-json\/wp\/v2\/posts\/249859","targetHints":{"allow":["GET"]}}],"collection":[{"href":"https:\/\/www.europesays.com\/fr\/wp-json\/wp\/v2\/posts"}],"about":[{"href":"https:\/\/www.europesays.com\/fr\/wp-json\/wp\/v2\/types\/post"}],"author":[{"embeddable":true,"href":"https:\/\/www.europesays.com\/fr\/wp-json\/wp\/v2\/users\/2"}],"replies":[{"embeddable":true,"href":"https:\/\/www.europesays.com\/fr\/wp-json\/wp\/v2\/comments?post=249859"}],"version-history":[{"count":0,"href":"https:\/\/www.europesays.com\/fr\/wp-json\/wp\/v2\/posts\/249859\/revisions"}],"wp:featuredmedia":[{"embeddable":true,"href":"https:\/\/www.europesays.com\/fr\/wp-json\/wp\/v2\/media\/249860"}],"wp:attachment":[{"href":"https:\/\/www.europesays.com\/fr\/wp-json\/wp\/v2\/media?parent=249859"}],"wp:term":[{"taxonomy":"category","embeddable":true,"href":"https:\/\/www.europesays.com\/fr\/wp-json\/wp\/v2\/categories?post=249859"},{"taxonomy":"post_tag","embeddable":true,"href":"https:\/\/www.europesays.com\/fr\/wp-json\/wp\/v2\/tags?post=249859"}],"curies":[{"name":"wp","href":"https:\/\/api.w.org\/{rel}","templated":true}]}}