{"id":249885,"date":"2025-07-14T18:02:09","date_gmt":"2025-07-14T18:02:09","guid":{"rendered":"https:\/\/www.europesays.com\/fr\/249885\/"},"modified":"2025-07-14T18:02:09","modified_gmt":"2025-07-14T18:02:09","slug":"fousseynou-cisse-qui-a-sauve-ses-voisins-dun-incendie-invite-par-emmanuel-macron","status":"publish","type":"post","link":"https:\/\/www.europesays.com\/fr\/249885\/","title":{"rendered":"Fousseynou Ciss\u00e9, qui a sauv\u00e9 ses voisins d\u2019un incendie, invit\u00e9 par Emmanuel Macron"},"content":{"rendered":"<p><a href=\"https:\/\/www.20minutes.fr\/faits_divers\/4162317-20250707-incendie-paris-acte-heroique-habitant-18e-arrondissement-sauve-voisins-flammes\" target=\"_blank\" class=\"color-ultramarine c-link\" rel=\"noopener\">Fousseynou Ciss\u00e9<\/a>, qui a sauv\u00e9 le 4\u00a0juillet dernier six personnes pi\u00e9g\u00e9es dans leur appartement par un incendie dans le 18e\u00a0arrondissement de Paris, figurait lundi parmi les invit\u00e9s des festivit\u00e9s du 14\u00a0juillet, au cours desquelles il a \u00e9t\u00e9 chaleureusement salu\u00e9 par <a href=\"https:\/\/www.20minutes.fr\/politique\/emmanuel-macron\/\" class=\"color-ultramarine c-link\" target=\"_blank\" rel=\"noopener\">Emmanuel Macron<\/a>.<\/p>\n<p>Le pr\u00e9sident de la R\u00e9publique a invit\u00e9 cet agent d\u2019accueil contractuel dans les coll\u00e8ges de 39 ans, d\u2019origine s\u00e9n\u00e9galaise, ainsi que sa famille apr\u00e8s son sauvetage, capt\u00e9 dans une vid\u00e9o devenue virale sur les r\u00e9seaux sociaux.<\/p>\n<blockquote class=\"twitter-tweet\" align=\"center\" data-lang=\"fr_FR\">\n<p lang=\"fr\" dir=\"ltr\">Fousseynou Samba Ciss\u00e9 a risqu\u00e9 sa vie pour sauver une famille d\u2019un incendie. M\u00e9daill\u00e9 d\u2019honneur pour acte de courage et de d\u00e9vouement, il est ce matin Place de la Concorde aux c\u00f4t\u00e9s de nos h\u00e9ros. <a href=\"https:\/\/t.co\/DNP6tzOHlM\">pic.twitter.com\/DNP6tzOHlM<\/a><\/p>\n<p>\u2014 Emmanuel Macron (@EmmanuelMacron) <a href=\"https:\/\/twitter.com\/EmmanuelMacron\/status\/1944772769251524832?ref_src=twsrc%5Etfw\" target=\"_blank\" rel=\"noopener\">July 14, 2025<\/a><\/p><\/blockquote>\n<p class=\"mb-xxl@xs color-ultramarine font-weight-semi-bold@xs font-source-serif-pro heading-s@xs\">L\u2019acc\u00e8s \u00e0 ce contenu a \u00e9t\u00e9 bloqu\u00e9 afin de respecter votre choix de consentement<\/p>\n<p class=\"mb-m@xs text-l@xs\">En cliquant sur\u00ab J\u2019accepte \u00bb, vous acceptez le d\u00e9p\u00f4t de cookies par des services externes et aurez ainsi acc\u00e8s aux contenus de nos partenaires.<\/p>\n<p class=\"mb-xl@xs text-s@xs\">Plus d\u2019informations sur la page<a href=\"https:\/\/www.20minutes.fr\/gestion-cookies\" class=\"mx-xxs@xs color-ultramarine\" target=\"_blank\" rel=\"noopener\">Politique de gestion des cookies<\/a><\/p>\n<p>J\u2019accepte<\/p>\n<p>\u00ab\u00a0Fousseynou Samba Ciss\u00e9 a risqu\u00e9 sa vie pour sauver une famille d\u2019un incendie. M\u00e9daill\u00e9 d\u2019honneur pour acte de courage et de d\u00e9vouement, il est ce matin Place de la Concorde aux c\u00f4t\u00e9s de nos h\u00e9ros\u00a0\u00bb, a \u00e9crit Emmanuel Macron sur X, en accompagnement d\u2019une vid\u00e9o le montrant saluant Fousseynou Ciss\u00e9.<\/p>\n<p>\u00ab\u00a0F\u00e9licitations encore. Un tr\u00e8s grand bravo\u00a0\u00bb, lui a notamment dit le pr\u00e9sident au cours de leur \u00e9change.<\/p>\n<\/p>\n<p>D\u00e9cor\u00e9 de la m\u00e9daille du courage par le pr\u00e9fet de police de Paris<\/p>\n<p>Fousseynou Ciss\u00e9 assistait lundi au <a href=\"https:\/\/www.20minutes.fr\/societe\/4163057-20250711-defile-14-juillet-quelque-chose-fabuleux-vivre-emotion-policiers-descendront-champs-elysees\" target=\"_blank\" class=\"color-ultramarine c-link\" rel=\"noopener\">d\u00e9fil\u00e9 militaire<\/a>, auquel participent notamment 122 personnels \u00e0 pied de la Brigade des Sapeurs-pompiers de Paris, ainsi que quatre chiens et 13 engins.<\/p>\n<p>Dimanche, il a \u00e9t\u00e9 d\u00e9cor\u00e9 de la m\u00e9daille du courage par le pr\u00e9fet de police de Paris, Laurent Nu\u00f1ez. Cette distinction \u00ab\u00a0marque vraiment une nouvelle \u00e8re pour moi\u00a0\u00bb, a r\u00e9agi Fousseynou Ciss\u00e9. \u00ab\u00a0Il y avait des personnes qui \u00e9taient d\u00e9sesp\u00e9r\u00e9es, en d\u00e9sarroi, qui cherchaient une aide. Du coup, je n\u2019ai pas r\u00e9fl\u00e9chi. C\u2019est un instinct\u00a0\u00bb, a-t-il expliqu\u00e9.<\/p>\n<p><script async src=\"https:\/\/platform.twitter.com\/widgets.js\" charset=\"utf-8\"><\/script><\/p>\n","protected":false},"excerpt":{"rendered":"Fousseynou Ciss\u00e9, qui a sauv\u00e9 le 4\u00a0juillet dernier six personnes pi\u00e9g\u00e9es dans leur appartement par un incendie dans&hellip;\n","protected":false},"author":2,"featured_media":249886,"comment_status":"","ping_status":"","sticky":false,"template":"","format":"standard","meta":{"footnotes":""},"categories":[4],"tags":[10915,47,11,1813,16694,1073,1011,27,34730,662,1310,12,626,25,104],"class_list":{"0":"post-249885","1":"post","2":"type-post","3":"status-publish","4":"format-standard","5":"has-post-thumbnail","7":"category-france","8":"tag-14-juillet","9":"tag-actualite","10":"tag-actualites","11":"tag-armee","12":"tag-defile","13":"tag-emmanuel-macron","14":"tag-fr","15":"tag-france","16":"tag-heros","17":"tag-ile-de-france","18":"tag-incendie","19":"tag-news","20":"tag-paris","21":"tag-republique-francaise","22":"tag-societe"},"share_on_mastodon":{"url":"https:\/\/pubeurope.com\/@fr\/114852904525639577","error":""},"_links":{"self":[{"href":"https:\/\/www.europesays.com\/fr\/wp-json\/wp\/v2\/posts\/249885","targetHints":{"allow":["GET"]}}],"collection":[{"href":"https:\/\/www.europesays.com\/fr\/wp-json\/wp\/v2\/posts"}],"about":[{"href":"https:\/\/www.europesays.com\/fr\/wp-json\/wp\/v2\/types\/post"}],"author":[{"embeddable":true,"href":"https:\/\/www.europesays.com\/fr\/wp-json\/wp\/v2\/users\/2"}],"replies":[{"embeddable":true,"href":"https:\/\/www.europesays.com\/fr\/wp-json\/wp\/v2\/comments?post=249885"}],"version-history":[{"count":0,"href":"https:\/\/www.europesays.com\/fr\/wp-json\/wp\/v2\/posts\/249885\/revisions"}],"wp:featuredmedia":[{"embeddable":true,"href":"https:\/\/www.europesays.com\/fr\/wp-json\/wp\/v2\/media\/249886"}],"wp:attachment":[{"href":"https:\/\/www.europesays.com\/fr\/wp-json\/wp\/v2\/media?parent=249885"}],"wp:term":[{"taxonomy":"category","embeddable":true,"href":"https:\/\/www.europesays.com\/fr\/wp-json\/wp\/v2\/categories?post=249885"},{"taxonomy":"post_tag","embeddable":true,"href":"https:\/\/www.europesays.com\/fr\/wp-json\/wp\/v2\/tags?post=249885"}],"curies":[{"name":"wp","href":"https:\/\/api.w.org\/{rel}","templated":true}]}}