{"id":249891,"date":"2025-07-14T18:05:21","date_gmt":"2025-07-14T18:05:21","guid":{"rendered":"https:\/\/www.europesays.com\/fr\/249891\/"},"modified":"2025-07-14T18:05:21","modified_gmt":"2025-07-14T18:05:21","slug":"le-first-contact-club-fait-un-bilan-positif-de-lannee","status":"publish","type":"post","link":"https:\/\/www.europesays.com\/fr\/249891\/","title":{"rendered":"le First contact club fait un bilan positif de l\u2019ann\u00e9e"},"content":{"rendered":"<p>Pour le club de boxe pieds et poings First contact, c\u2019est l\u2019heure du bilan au moment o\u00f9 commence la tr\u00eave estivale. Un ensemble tr\u00e8s positif pour le club qui gr\u00e2ce \u00e0 des actions proactives (participation au forum des associations, distribution de flyers dans les boites \u00e0 lettres par les b\u00e9n\u00e9voles, bouches \u00e0 oreilles intensifs) a augment\u00e9 les effectifs du club qui atteignent les 60 membres actifs&#8230;. <\/p>\n<p>    Cet article a \u00e9t\u00e9 tronqu\u00e9. Abonnez-vous pour lire l&rsquo;article complet sur notre site.<\/p>\n<p style=\"margin: 0 !important; padding: 0 !important; font-size: 12px !important;\">Cet article a \u00e9t\u00e9 tronqu\u00e9. Abonnez-vous pour lire l&rsquo;article complet.<\/p>\n<p>    <a href=\"https:\/\/www.lanouvellerepublique.fr\/abonnements\" style=\"display: inline-block; margin-top: 5px !important; padding: 6px 12px !important; background: #cb1c27; color: white; text-decoration: none; border-radius: 4px; font-size: 12px !important;\" target=\"_blank\" rel=\"noopener\"><br \/>\n      S&rsquo;abonner<br \/>\n    <\/a><\/p>\n","protected":false},"excerpt":{"rendered":"Pour le club de boxe pieds et poings First contact, c\u2019est l\u2019heure du bilan au moment o\u00f9 commence&hellip;\n","protected":false},"author":2,"featured_media":249892,"comment_status":"","ping_status":"","sticky":false,"template":"","format":"standard","meta":{"footnotes":""},"categories":[9653],"tags":[1111,11,2430,1674,1777,674,1011,27,12,25,4001,13222],"class_list":{"0":"post-249891","1":"post","2":"type-post","3":"status-publish","4":"format-standard","5":"has-post-thumbnail","7":"category-saint-etienne","8":"tag-actu","9":"tag-actualites","10":"tag-auvergne-rhone-alpes","11":"tag-communes","12":"tag-eu","13":"tag-europe","14":"tag-fr","15":"tag-france","16":"tag-news","17":"tag-republique-francaise","18":"tag-saint-etienne","19":"tag-saint-etienne-de-chigny"},"share_on_mastodon":{"url":"https:\/\/pubeurope.com\/@fr\/114852916312859741","error":""},"_links":{"self":[{"href":"https:\/\/www.europesays.com\/fr\/wp-json\/wp\/v2\/posts\/249891","targetHints":{"allow":["GET"]}}],"collection":[{"href":"https:\/\/www.europesays.com\/fr\/wp-json\/wp\/v2\/posts"}],"about":[{"href":"https:\/\/www.europesays.com\/fr\/wp-json\/wp\/v2\/types\/post"}],"author":[{"embeddable":true,"href":"https:\/\/www.europesays.com\/fr\/wp-json\/wp\/v2\/users\/2"}],"replies":[{"embeddable":true,"href":"https:\/\/www.europesays.com\/fr\/wp-json\/wp\/v2\/comments?post=249891"}],"version-history":[{"count":0,"href":"https:\/\/www.europesays.com\/fr\/wp-json\/wp\/v2\/posts\/249891\/revisions"}],"wp:featuredmedia":[{"embeddable":true,"href":"https:\/\/www.europesays.com\/fr\/wp-json\/wp\/v2\/media\/249892"}],"wp:attachment":[{"href":"https:\/\/www.europesays.com\/fr\/wp-json\/wp\/v2\/media?parent=249891"}],"wp:term":[{"taxonomy":"category","embeddable":true,"href":"https:\/\/www.europesays.com\/fr\/wp-json\/wp\/v2\/categories?post=249891"},{"taxonomy":"post_tag","embeddable":true,"href":"https:\/\/www.europesays.com\/fr\/wp-json\/wp\/v2\/tags?post=249891"}],"curies":[{"name":"wp","href":"https:\/\/api.w.org\/{rel}","templated":true}]}}