{"id":249893,"date":"2025-07-14T18:06:12","date_gmt":"2025-07-14T18:06:12","guid":{"rendered":"https:\/\/www.europesays.com\/fr\/249893\/"},"modified":"2025-07-14T18:06:12","modified_gmt":"2025-07-14T18:06:12","slug":"grand-nancy-huit-voitures-brulees-dans-la-nuit-du-13-au-14-juillet","status":"publish","type":"post","link":"https:\/\/www.europesays.com\/fr\/249893\/","title":{"rendered":"Grand Nancy. Huit voitures br\u00fbl\u00e9es dans la nuit du 13 au 14\u00a0juillet"},"content":{"rendered":"<p>Comme chaque ann\u00e9e maintenant, les festivit\u00e9s du 14\u00a0juillet ont donn\u00e9 lieu \u00e0 quelques d\u00e9bordements sur l\u2019agglom\u00e9ration de Nancy. Dans la nuit du 13, cinq voitures ont ainsi \u00e9t\u00e9 incendi\u00e9es dans la cit\u00e9 des Provinces \u00e0 Laxou, deux \u00e0 Vandoeuvre et une dans le quartier de la Chiennerie \u00e0 Nancy.<\/p>\n<p>Quelques feux de poubelles ont \u00e9galement \u00e9t\u00e9 allum\u00e9s dans l\u2019agglo et \u00e9teints par les pompiers. Deux v\u00e9hicules de police ont aussi \u00e9t\u00e9 pris pour cible par des tirs de mortiers d\u2019artifice. Aucun bless\u00e9 n\u2019est \u00e0 d\u00e9plorer.<\/p>\n","protected":false},"excerpt":{"rendered":"Comme chaque ann\u00e9e maintenant, les festivit\u00e9s du 14\u00a0juillet ont donn\u00e9 lieu \u00e0 quelques d\u00e9bordements sur l\u2019agglom\u00e9ration de Nancy.&hellip;\n","protected":false},"author":2,"featured_media":249894,"comment_status":"","ping_status":"","sticky":false,"template":"","format":"standard","meta":{"footnotes":""},"categories":[9635],"tags":[1111,11,271,272,1704,1777,674,274,1011,27,775,3457,1702,1703,12,25],"class_list":{"0":"post-249893","1":"post","2":"type-post","3":"status-publish","4":"format-standard","5":"has-post-thumbnail","7":"category-nancy","8":"tag-actu","9":"tag-actualites","10":"tag-crime","11":"tag-delit-et-contravention","12":"tag-edition-nancy-et-agglomeration","13":"tag-eu","14":"tag-europe","15":"tag-faits-divers-justice","16":"tag-fr","17":"tag-france","18":"tag-grand-est","19":"tag-meurthe-et-moselle","20":"tag-nancy","21":"tag-nancy-ville-54b","22":"tag-news","23":"tag-republique-francaise"},"share_on_mastodon":{"url":"https:\/\/pubeurope.com\/@fr\/114852920378205055","error":""},"_links":{"self":[{"href":"https:\/\/www.europesays.com\/fr\/wp-json\/wp\/v2\/posts\/249893","targetHints":{"allow":["GET"]}}],"collection":[{"href":"https:\/\/www.europesays.com\/fr\/wp-json\/wp\/v2\/posts"}],"about":[{"href":"https:\/\/www.europesays.com\/fr\/wp-json\/wp\/v2\/types\/post"}],"author":[{"embeddable":true,"href":"https:\/\/www.europesays.com\/fr\/wp-json\/wp\/v2\/users\/2"}],"replies":[{"embeddable":true,"href":"https:\/\/www.europesays.com\/fr\/wp-json\/wp\/v2\/comments?post=249893"}],"version-history":[{"count":0,"href":"https:\/\/www.europesays.com\/fr\/wp-json\/wp\/v2\/posts\/249893\/revisions"}],"wp:featuredmedia":[{"embeddable":true,"href":"https:\/\/www.europesays.com\/fr\/wp-json\/wp\/v2\/media\/249894"}],"wp:attachment":[{"href":"https:\/\/www.europesays.com\/fr\/wp-json\/wp\/v2\/media?parent=249893"}],"wp:term":[{"taxonomy":"category","embeddable":true,"href":"https:\/\/www.europesays.com\/fr\/wp-json\/wp\/v2\/categories?post=249893"},{"taxonomy":"post_tag","embeddable":true,"href":"https:\/\/www.europesays.com\/fr\/wp-json\/wp\/v2\/tags?post=249893"}],"curies":[{"name":"wp","href":"https:\/\/api.w.org\/{rel}","templated":true}]}}