{"id":249895,"date":"2025-07-14T18:07:24","date_gmt":"2025-07-14T18:07:24","guid":{"rendered":"https:\/\/www.europesays.com\/fr\/249895\/"},"modified":"2025-07-14T18:07:24","modified_gmt":"2025-07-14T18:07:24","slug":"nancy-mathieu-klein-sengage-en-faveur-de-la-videosurveillance-et-de-larmement-de-la-police-municipale","status":"publish","type":"post","link":"https:\/\/www.europesays.com\/fr\/249895\/","title":{"rendered":"Nancy. Mathieu Klein s\u2019engage en faveur de la vid\u00e9osurveillance et de l&rsquo;armement de la police municipale"},"content":{"rendered":"<p>\u00ab\u00a0En tant que maires, nous connaissons l\u2019importance que nos concitoyens accordent \u00e0 leur police municipale. Et en tant qu\u2019\u00e9lus de gauche, nous savons l\u2019attachement de notre famille politique \u00e0 cette conviction forte\u00a0: la s\u00e9curit\u00e9 doit rimer avec proximit\u00e9. Il en va de notre devoir d\u2018\u00e9lus de prot\u00e9ger ceux qui nous prot\u00e8gent. Cela passe par l\u2019armement, le port syst\u00e9matique du gilet pare-balles, et des moyens adapt\u00e9s aux risques du terrain.\u00a0\u00bb La parole est forte. Elle est sign\u00e9e <a href=\"https:\/\/www.estrepublicain.fr\/p\/mathieu-klein\" target=\"_blank\" rel=\"noopener\">Mathieu Klein<\/a>.<\/p>\n<p>Le maire de Nancy, pr\u00e9sente ainsi sur ses r\u00e9seaux sociaux la tribune qu\u2019il a cor\u00e9dig\u00e9e avec 12 autres maires socialistes.<\/p>\n<p>Ce contenu est bloqu\u00e9 car vous n&rsquo;avez pas accept\u00e9 les cookies et autres traceurs.<\/p>\n<p>En cliquant sur \u00ab J\u2019accepte \u00bb, les cookies et autres traceurs seront d\u00e9pos\u00e9s et vous pourrez visualiser les contenus  (<a href=\"\" class=\"consentModule_policy\" target=\"_blank\" title=\"Consulter la politique de protection des donn\u00e9es du fournisseur\">plus d&rsquo;informations<\/a>).<\/p>\n<p>En cliquant sur \u00ab J\u2019accepte tous les cookies \u00bb, vous autorisez des d\u00e9p\u00f4ts de cookies et autres traceurs pour le stockage de vos donn\u00e9es sur nos sites et applications \u00e0 des fins de personnalisation et de ciblage publicitaire.<\/p>\n<p class=\"consentModule_secondaryText\">Vous gardez la possibilit\u00e9 de retirer votre consentement \u00e0 tout moment en consultant notre <a href=\"https:\/\/www.estrepublicain.fr\/protection-des-donnees\" target=\"_blank\" title=\"Consulter notre politique de protection des donn\u00e9es\" rel=\"noopener\">politique de protection des donn\u00e9es<\/a>. <br \/>&#13;<br \/>\n            <a href=\"https:\/\/www.estrepublicain.fr\/politique\/2025\/07\/14\/javascript:Didomi.notice.show()\" class=\"consentModule_cmp\" target=\"_blank\" rel=\"noopener\">G\u00e9rer mes choix<\/a>&#13;\n        <\/p>\n<p>&#13;<br \/>\n                        J&rsquo;accepte&#13;<br \/>\n            J&rsquo;accepte tous les cookies&#13;\n        <\/p>\n<p>Une r\u00e9ponse \u00e0 <a href=\"https:\/\/www.estrepublicain.fr\/p\/mathilde-panot\" target=\"_blank\" rel=\"noopener\">Mathilde Panot<\/a>, cheffe de file des d\u00e9put\u00e9s LFI, qui milite comme son parti pour le d\u00e9sarmement des policiers municipaux et la fin de la vid\u00e9osurveillance.<\/p>\n<p>\u00ab\u00a0Sur ces sujets, le dogmatisme n\u2019a pas sa place. La r\u00e9alit\u00e9 du terrain ne porte pas d\u2018\u00e9tiquette politique. Elle s\u2019impose \u00e0 tous, \u00e0 gauche comme \u00e0 droite. Ce sont nos administr\u00e9s, leurs attentes, leurs besoins qui doivent guider nos choix. Le d\u00e9ploiement de policiers municipaux et de la vid\u00e9oprotection repr\u00e9sente un co\u00fbt significatif pour les communes et nous appelons l\u2018\u00c9tat \u00e0 mieux nous accompagner dans leur d\u00e9ploiement. Mais nous les assumons, car ils r\u00e9pondent \u00e0 une attente forte, l\u00e9gitime, croissante. On peut choisir de rester dans le confort des postures id\u00e9ologiques. Ou on peut, comme nous, choisir la r\u00e9alit\u00e9, la responsabilit\u00e9, l\u2019action. En soutenant nos policiers municipaux, nous ne faisons pas que prot\u00e9ger nos villes\u00a0: nous sauvons des vies.\u00a0\u00bb<\/p>\n<p>Le message est clair. Sans ambigu\u00eft\u00e9 aucune.<\/p>\n","protected":false},"excerpt":{"rendered":"\u00ab\u00a0En tant que maires, nous connaissons l\u2019importance que nos concitoyens accordent \u00e0 leur police municipale. Et en tant&hellip;\n","protected":false},"author":2,"featured_media":249896,"comment_status":"","ping_status":"","sticky":false,"template":"","format":"standard","meta":{"footnotes":""},"categories":[9635],"tags":[1111,11,1984,1704,1777,674,1011,27,775,1702,1703,12,316,25],"class_list":{"0":"post-249895","1":"post","2":"type-post","3":"status-publish","4":"format-standard","5":"has-post-thumbnail","7":"category-nancy","8":"tag-actu","9":"tag-actualites","10":"tag-conseil-municipal","11":"tag-edition-nancy-et-agglomeration","12":"tag-eu","13":"tag-europe","14":"tag-fr","15":"tag-france","16":"tag-grand-est","17":"tag-nancy","18":"tag-nancy-ville-54b","19":"tag-news","20":"tag-politique","21":"tag-republique-francaise"},"share_on_mastodon":{"url":"https:\/\/pubeurope.com\/@fr\/114852924186028606","error":""},"_links":{"self":[{"href":"https:\/\/www.europesays.com\/fr\/wp-json\/wp\/v2\/posts\/249895","targetHints":{"allow":["GET"]}}],"collection":[{"href":"https:\/\/www.europesays.com\/fr\/wp-json\/wp\/v2\/posts"}],"about":[{"href":"https:\/\/www.europesays.com\/fr\/wp-json\/wp\/v2\/types\/post"}],"author":[{"embeddable":true,"href":"https:\/\/www.europesays.com\/fr\/wp-json\/wp\/v2\/users\/2"}],"replies":[{"embeddable":true,"href":"https:\/\/www.europesays.com\/fr\/wp-json\/wp\/v2\/comments?post=249895"}],"version-history":[{"count":0,"href":"https:\/\/www.europesays.com\/fr\/wp-json\/wp\/v2\/posts\/249895\/revisions"}],"wp:featuredmedia":[{"embeddable":true,"href":"https:\/\/www.europesays.com\/fr\/wp-json\/wp\/v2\/media\/249896"}],"wp:attachment":[{"href":"https:\/\/www.europesays.com\/fr\/wp-json\/wp\/v2\/media?parent=249895"}],"wp:term":[{"taxonomy":"category","embeddable":true,"href":"https:\/\/www.europesays.com\/fr\/wp-json\/wp\/v2\/categories?post=249895"},{"taxonomy":"post_tag","embeddable":true,"href":"https:\/\/www.europesays.com\/fr\/wp-json\/wp\/v2\/tags?post=249895"}],"curies":[{"name":"wp","href":"https:\/\/api.w.org\/{rel}","templated":true}]}}