{"id":249897,"date":"2025-07-14T18:08:10","date_gmt":"2025-07-14T18:08:10","guid":{"rendered":"https:\/\/www.europesays.com\/fr\/249897\/"},"modified":"2025-07-14T18:08:10","modified_gmt":"2025-07-14T18:08:10","slug":"la-mairie-de-la-valette-prend-des-arretes-anti-mendicite-et-limitant-la-vente-dalcool","status":"publish","type":"post","link":"https:\/\/www.europesays.com\/fr\/249897\/","title":{"rendered":"La mairie de La Valette prend des arr\u00eat\u00e9s anti-mendicit\u00e9 et limitant la vente d\u2019alcool"},"content":{"rendered":"<p>Tranquillit\u00e9 publique oblige, la municipalit\u00e9 de La Valette a d\u00e9cid\u00e9 de franchir une nouvelle \u00e9tape. Lors d\u2019un r\u00e9cent point presse en mairie, le maire, Thierry Albertini, a pr\u00e9sent\u00e9 deux arr\u00eat\u00e9s destin\u00e9s \u00e0 renforcer la s\u00e9curit\u00e9 et l\u2019ordre sur l\u2019espace public.<\/p>\n<p>Des mesures cibl\u00e9es, port\u00e9es par un constat simple: les nuisances se concentrent toujours aux m\u00eames endroits, souvent aux m\u00eames heures.<\/p>\n<p>Interdiction de la mendicit\u00e9<\/p>\n<p>Le premier arr\u00eat\u00e9 concerne l\u2019interdiction de la mendicit\u00e9. Applicable du lundi au samedi, entre 9h et 19h, il se rattache \u00e0 l\u2019avenue Char Verdun et \u00e0 son environnement imm\u00e9diat, dans un p\u00e9rim\u00e8tre de 100m\u00e8tres.<\/p>\n<p>Une d\u00e9cision prise apr\u00e8s de nombreux signalements sur des comportements jug\u00e9s insistants, parfois intrusifs, \u00e0 proximit\u00e9 des commerces ou des abris de bus. \u00ab\u00a0Il ne s\u2019agit pas de viser la pr\u00e9carit\u00e9, mais d\u2019intervenir sur des attitudes qui troublent la tranquillit\u00e9 publique\u00a0\u00bb, a pr\u00e9cis\u00e9 le maire.<\/p>\n<p>Deuxi\u00e8me d\u00e9cision forte: un arr\u00eat\u00e9 anti-ivresse publique. Celui-ci restreint la consommation d\u2019alcool dans plusieurs secteurs sensibles de la commune, notamment \u00e0 proximit\u00e9 des \u00e9tablissements scolaires, des parcs et des espaces de passage.<\/p>\n<p>L\u2019enjeu: limiter les regroupements sous l\u2019emprise de l\u2019alcool, qui d\u00e9g\u00e9n\u00e8rent parfois en bagarres ou en d\u00e9gradations. Les agents municipaux, d\u00e9sormais pr\u00e9sents jusqu\u2019\u00e0 3 heures du matin en p\u00e9riode estivale, seront charg\u00e9s de faire respecter cette interdiction.<\/p>\n<p><b>Effectifs renforc\u00e9s \u00e0 la police municipale<\/b><\/p>\n<p>Ces deux arr\u00eat\u00e9s s\u2019inscrivent dans un cadre plus large de s\u00e9curisation de la ville. La police municipale, qui compte aujourd\u2019hui 20 agents contre 14 en 2020, va encore renforcer ses rangs avec l\u2019arriv\u00e9e imminente de trois nouveaux policiers.<\/p>\n<p>Objectif affich\u00e9: porter les effectifs \u00e0 23 d\u2019ici l\u2019an prochain, pour assurer une couverture constante, y compris hors saison.<\/p>\n<p>C\u00f4t\u00e9 technologie, le dispositif de vid\u00e9osurveillance, d\u00e9j\u00e0 fort de 100 cam\u00e9ras, va continuer \u00e0 s\u2019\u00e9tendre. Une nouvelle phase de d\u00e9ploiement est pr\u00e9vue, avec l\u2019installation d\u2019\u00e9quipements suppl\u00e9mentaires dans les zones encore non couvertes, toujours raccord\u00e9s \u00e0 la fibre noire et au Centre de surveillance urbaine.<\/p>\n<p>Si certaines d\u00e9cisions, comme la fermeture anticip\u00e9e d\u2019une \u00e9picerie de nuit ou la r\u00e9gulation d\u2019un \u00e9tablissement festif, ont pu susciter des r\u00e9actions, la ligne affich\u00e9e reste la m\u00eame: assurer \u00e0 chacun un cadre de vie apais\u00e9.<\/p>\n<p>\u00ab\u00a0La s\u00e9curit\u00e9 ne repose pas seulement sur des chiffres, mais aussi sur un ressenti. Voir des policiers, croiser une patrouille \u00e0 v\u00e9lo, savoir qu\u2019un \u0153il veille via les cam\u00e9ras, c\u2019est aussi cela, se sentir en s\u00e9curit\u00e9\u00a0\u00bb, conclut Thierry Albertini.<\/p>\n<p>            L\u2019activit\u00e9 du 1er semestre<\/p>\n<p>Le premier semestre a \u00e9t\u00e9 dense pour la police municipale. Les chiffres en t\u00e9moignent: 1.283 mains courantes ont \u00e9t\u00e9 enregistr\u00e9es et 510 fiches de mission ont \u00e9t\u00e9 attribu\u00e9es aux agents sur le terrain.<\/p>\n<p>Trente interpellations (souvent li\u00e9es \u00e0 des situations d\u2019ivresse publique.) ont donn\u00e9 lieu \u00e0 des remises \u00e0 la police nationale. Depuis le 1er juin, les agents municipaux assurent une pr\u00e9sence jusqu\u2019\u00e0 3 heures du matin, une mesure renforc\u00e9e pour l\u2019\u00e9t\u00e9.<\/p>\n<p>C\u00f4t\u00e9 infractions routi\u00e8res, 2.295 proc\u00e8s-verbaux ont \u00e9t\u00e9 dress\u00e9s, essentiellement pour des manquements au Code de la route. La municipalit\u00e9 pointe notamment un comportement incivique dans les giratoires.<\/p>\n<p>Des op\u00e9rations de contr\u00f4le, en particulier sur les poids lourds en lien avec la carri\u00e8re du Revest, sont aussi men\u00e9es en partenariat avec la police nationale.<\/p>\n","protected":false},"excerpt":{"rendered":"Tranquillit\u00e9 publique oblige, la municipalit\u00e9 de La Valette a d\u00e9cid\u00e9 de franchir une nouvelle \u00e9tape. Lors d\u2019un r\u00e9cent&hellip;\n","protected":false},"author":2,"featured_media":249898,"comment_status":"","ping_status":"","sticky":false,"template":"","format":"standard","meta":{"footnotes":""},"categories":[9619],"tags":[1111,11,1777,674,1011,27,12,882,25,2310,3366],"class_list":{"0":"post-249897","1":"post","2":"type-post","3":"status-publish","4":"format-standard","5":"has-post-thumbnail","7":"category-toulon","8":"tag-actu","9":"tag-actualites","10":"tag-eu","11":"tag-europe","12":"tag-fr","13":"tag-france","14":"tag-news","15":"tag-provence-alpes-cote-dazur","16":"tag-republique-francaise","17":"tag-toulon","18":"tag-vie-locale"},"share_on_mastodon":{"url":"https:\/\/pubeurope.com\/@fr\/114852928147576548","error":""},"_links":{"self":[{"href":"https:\/\/www.europesays.com\/fr\/wp-json\/wp\/v2\/posts\/249897","targetHints":{"allow":["GET"]}}],"collection":[{"href":"https:\/\/www.europesays.com\/fr\/wp-json\/wp\/v2\/posts"}],"about":[{"href":"https:\/\/www.europesays.com\/fr\/wp-json\/wp\/v2\/types\/post"}],"author":[{"embeddable":true,"href":"https:\/\/www.europesays.com\/fr\/wp-json\/wp\/v2\/users\/2"}],"replies":[{"embeddable":true,"href":"https:\/\/www.europesays.com\/fr\/wp-json\/wp\/v2\/comments?post=249897"}],"version-history":[{"count":0,"href":"https:\/\/www.europesays.com\/fr\/wp-json\/wp\/v2\/posts\/249897\/revisions"}],"wp:featuredmedia":[{"embeddable":true,"href":"https:\/\/www.europesays.com\/fr\/wp-json\/wp\/v2\/media\/249898"}],"wp:attachment":[{"href":"https:\/\/www.europesays.com\/fr\/wp-json\/wp\/v2\/media?parent=249897"}],"wp:term":[{"taxonomy":"category","embeddable":true,"href":"https:\/\/www.europesays.com\/fr\/wp-json\/wp\/v2\/categories?post=249897"},{"taxonomy":"post_tag","embeddable":true,"href":"https:\/\/www.europesays.com\/fr\/wp-json\/wp\/v2\/tags?post=249897"}],"curies":[{"name":"wp","href":"https:\/\/api.w.org\/{rel}","templated":true}]}}