{"id":249901,"date":"2025-07-14T18:10:10","date_gmt":"2025-07-14T18:10:10","guid":{"rendered":"https:\/\/www.europesays.com\/fr\/249901\/"},"modified":"2025-07-14T18:10:10","modified_gmt":"2025-07-14T18:10:10","slug":"ou-se-regaler-avec-des-patisseries-qui-nen-ont-pas-lair","status":"publish","type":"post","link":"https:\/\/www.europesays.com\/fr\/249901\/","title":{"rendered":"o\u00f9 se r\u00e9galer avec des p\u00e2tisseries&#8230; qui n\u2019en ont pas l\u2019air\u00a0?"},"content":{"rendered":"<p>            Par<br \/>\n        <strong><br \/>\n            <a href=\"https:\/\/actu.fr\/auteur\/lea-pippinato\" title=\"Consulter tous les articles de L\u00e9a Pippinato\" rel=\"nofollow noopener\" target=\"_blank\">L\u00e9a Pippinato<\/a><br \/>\n        <\/strong><\/p>\n<p>        Publi\u00e9 le<\/p>\n<p>            14 juil. 2025 \u00e0 19h32        <\/p>\n<p>\u00c0 premi\u00e8re vue, on dirait une tomate, une pistache ou une mangue. Mais ces objets color\u00e9s et brillants ne sont pas des fruits. Ce sont des p\u00e2tisseries. Depuis quelques mois, <strong>\u00e0 Montpellier<\/strong>, le trompe-l\u2019\u0153il conna\u00eet un v\u00e9ritable engouement. Le principe : recr\u00e9er des objets, des aliments ou des fruits plus vrais que nature, mais enti\u00e8rement comestibles. \u00c0 la crois\u00e9e de l\u2019illusion d\u2019optique et de la haute gourmandise, ces cr\u00e9ations suscitent la curiosit\u00e9 autant qu\u2019elles \u00e9veillent les sens. Le ph\u00e9nom\u00e8ne s\u2019amplifie sur les r\u00e9seaux sociaux o\u00f9 ces douceurs font le buzz. Trois adresses locales se d\u00e9marquent : C\u00e9dric Lapierre de M\u00e9n\u00e9ville, Le Fournil des Fr\u00e8res et Les P\u2019tits Fr\u00e8res.<\/p>\n<p>    <a href=\"https:\/\/www.google.com\/maps\/d\/u\/0\/embed?mid=1a3k0VUDexDGPZTYfICbHiSvqAHSWc0k&amp;ehbc=2E312F\" title=\"Ouvrie le lien\" rel=\"nofollow noopener\" target=\"_blank\">Cliquez ici pour visualiser le contenu<\/a><\/p>\n<p>C\u00e9dric Lapierre de M\u00e9n\u00e9ville, l\u2019illusion comme vocation<\/p>\n<p class=\" wall-content\">C\u00e9dric Lapierre de M\u00e9n\u00e9ville ne tient pas une boutique traditionnelle. Son aventure commence dans un simple atelier de fabrication, o\u00f9 il confectionne d\u2019abord quelques g\u00e2teaux classiques. Puis viennent les premiers trompe-l\u2019\u0153il, presque par hasard. Devant l\u2019engouement du public, il abandonne progressivement les p\u00e2tisseries classiques pour se consacrer exclusivement \u00e0 cette sp\u00e9cialit\u00e9. Install\u00e9 \u00e0 Montpellier, il am\u00e9nage une vitrine de vente directe, dans l\u2019attente d\u2019un local pour ouvrir un salon de th\u00e9. Le p\u00e2tissier propose aujourd\u2019hui une gamme inventive et ultra-r\u00e9aliste : mangue, gousse de vanille, abricot, nectarine, fruit de la passion, pistache, noisette, coco, framboise, mais aussi un grain de caf\u00e9.<\/p>\n<p>    <img   decoding=\"async\" loading=\"lazy\" src=\"https:\/\/www.europesays.com\/fr\/wp-content\/uploads\/2025\/07\/maison-lapierre-de-meneville-2-800x640.jpg\" alt=\"Chez C\u00e9dric Lapierre, chaque fruit cache une mousse, un coulis et un croustillant, le tout sous un enrobage chocolat\u00e9 plus vrai que nature.\" width=\"800\" height=\"640\"\/><br \/>\n    Chez C\u00e9dric Lapierre, chaque fruit cache une mousse, un coulis et un croustillant, le tout sous un enrobage chocolat\u00e9 plus vrai que nature. (\u00a9Maison Lapierre de M\u00e9n\u00e9ville 2)<\/p>\n<p class=\" wall-content\">L\u2019aspect visuel trompe l\u2019\u0153il, mais le go\u00fbt reste au c\u0153ur du projet. Le chocolat Valrhona, les pur\u00e9es de fruits de qualit\u00e9 et les textures multiples garantissent une d\u00e9gustation g\u00e9n\u00e9reuse. Les prix restent accessibles pour une production 100 % artisanale, <strong>entre 6,50 et 9,90 euros<\/strong>. La mangue, la pistache et la gousse de vanille figurent parmi les meilleures ventes.<\/p>\n<p>Le Fournil des Fr\u00e8res : l\u2019exigence du d\u00e9tail et du rythme<\/p>\n<p class=\" wall-content\">\u00c0 Montpellier, Le Fournil des Fr\u00e8res existe depuis 2011, mais c\u2019est en septembre 2024 que l\u2019enseigne se lance dans le trompe-l\u2019\u0153il. Tout commence par une p\u00eache blanche. Le succ\u00e8s imm\u00e9diat pousse l\u2019\u00e9quipe \u00e0 innover r\u00e9guli\u00e8rement : une nouvelle cr\u00e9ation voit le jour toutes les deux \u00e0 trois semaines. \u00c0 No\u00ebl dernier, ils proposaient une dizaine de mod\u00e8les diff\u00e9rents pour satisfaire toutes les envies sans cr\u00e9er de lassitude. Leur exigence se traduit dans la structure de chaque g\u00e2teau. Il ne suffit pas d\u2019\u00eatre joli : il faut du go\u00fbt, du contraste, de la complexit\u00e9. Un trompe-l\u2019\u0153il maison contient au minimum quatre \u00e9l\u00e9ments : croustillant, g\u00e9noise, coulis, mousse ou cr\u00e9meux, le tout enrob\u00e9 dans du chocolat.\u00a0<\/p>\n<p>Vid\u00e9os : en ce moment sur Actu<br \/>\n    <img   decoding=\"async\" loading=\"lazy\" src=\"https:\/\/www.europesays.com\/fr\/wp-content\/uploads\/2025\/07\/le-fournil-des-freres-960x640.jpeg\" alt=\"Au Fournil des Fr\u00e8res, la p\u00eache blanche a lanc\u00e9 la tendance.\" width=\"960\" height=\"640\"\/><br \/>\n    Au Fournil des Fr\u00e8res, la p\u00eache blanche a lanc\u00e9 la tendance. (\u00a9Le Fournil des Fr\u00e8res)<\/p>\n<p class=\" wall-content\">Le Fournil adapte ses recettes aux saisons : p\u00eache, abricot, figue ou framboise en \u00e9t\u00e9 ; vanille de Madagascar et cr\u00e8me de marron au printemps ; orange ou poire en hiver. Certains visuels sortent des sentiers battus, comme les petits pots de fleurs garnis de champignons. Il faut compter en moyenne <strong>7 euros<\/strong> pi\u00e8ce.<\/p>\n<p>Les P\u2019tits Fr\u00e8res : l\u2019illusion bio et locale<\/p>\n<p class=\" wall-content\">\u00c0 Balaruc-les-Bains, puis \u00e0 Montpellier, <a href=\"https:\/\/actu.fr\/occitanie\/montpellier_34172\/montpellier-trois-freres-ouvrent-la-premiere-patisserie-dediee-a-l-art-du-trompe-l-oeil-sucre_62023438.html\" rel=\"nofollow noopener\" target=\"_blank\">la boulangerie bio Les P\u2019tits Fr\u00e8res<\/a> d\u00e9fend une philosophie claire : respecter les saisons, privil\u00e9gier les produits locaux et proposer une alimentation saine sans sacrifier l\u2019inventivit\u00e9. Cette exigence s\u2019applique aussi \u00e0 leurs trompe-l\u2019\u0153il, r\u00e9alis\u00e9s uniquement avec des ingr\u00e9dients fran\u00e7ais, \u00e0 l\u2019exception notable de la mangue. Chaque saison donne lieu \u00e0 une nouvelle collection. Au printemps, on retrouve la fraise, la framboise et la cerise. L\u2019\u00e9t\u00e9 voit arriver le melon, la p\u00eache et le citron. L\u2019hiver, place \u00e0 la poire, \u00e0 la pomme et \u00e0 l\u2019orange. \u00c0 cela s\u2019ajoutent les incontournables : cacahu\u00e8te, noisette, pistache et vanille, disponibles toute l\u2019ann\u00e9e.<\/p>\n<p>    <img   decoding=\"async\" loading=\"lazy\" src=\"https:\/\/www.europesays.com\/fr\/wp-content\/uploads\/2025\/07\/dsc08868-960x640.jpg\" alt=\"Aux P\u2019tits Fr\u00e8res, tout est bio et de saison.\" width=\"960\" height=\"640\"\/><br \/>\n    Aux P\u2019tits Fr\u00e8res, tout est bio et de saison. (\u00a9popcom_agence360)<\/p>\n<p class=\" wall-content\">Les P\u2019tits Fr\u00e8res ne se contentent pas de reproduire l\u2019apparence d\u2019un fruit. Ils en retravaillent les saveurs pour surprendre le palais. Chaque cr\u00e9ation suit une logique artisanale et bio, avec des prix align\u00e9s sur le march\u00e9 montpelli\u00e9rain, <strong>de 7,90 \u00e0 9,90 euros<\/strong>.<\/p>\n<p class=\" wall-content\">Suivez toute l\u2019actualit\u00e9 de vos villes et m\u00e9dias favoris en vous inscrivant \u00e0 <a href=\"https:\/\/moncompte.actu.fr\" title=\"D\u00e9couvez Mon Actu\" rel=\"nofollow noopener\" data-trk=\"{&quot;cta&quot;:{&quot;action&quot;:&quot;https:\\\/\\\/moncompte.actu.fr&quot;,&quot;category&quot;:&quot;mon compte&quot;,&quot;from&quot;:&quot;article footer&quot;,&quot;name&quot;:&quot;Mon actu&quot;,&quot;type&quot;:&quot;cta&quot;}}\" target=\"_blank\">Mon Actu<\/a>.<\/p>\n","protected":false},"excerpt":{"rendered":"Par L\u00e9a Pippinato Publi\u00e9 le 14 juil. 2025 \u00e0 19h32 \u00c0 premi\u00e8re vue, on dirait une tomate, une&hellip;\n","protected":false},"author":2,"featured_media":249902,"comment_status":"","ping_status":"","sticky":false,"template":"","format":"standard","meta":{"footnotes":""},"categories":[9599],"tags":[1111,11,258,1777,674,1011,27,1305,2208,12,2680,25],"class_list":{"0":"post-249901","1":"post","2":"type-post","3":"status-publish","4":"format-standard","5":"has-post-thumbnail","7":"category-montpellier","8":"tag-actu","9":"tag-actualites","10":"tag-alimentation","11":"tag-eu","12":"tag-europe","13":"tag-fr","14":"tag-france","15":"tag-lifestyle","16":"tag-montpellier","17":"tag-news","18":"tag-occitanie","19":"tag-republique-francaise"},"share_on_mastodon":{"url":"https:\/\/pubeurope.com\/@fr\/114852936339364900","error":""},"_links":{"self":[{"href":"https:\/\/www.europesays.com\/fr\/wp-json\/wp\/v2\/posts\/249901","targetHints":{"allow":["GET"]}}],"collection":[{"href":"https:\/\/www.europesays.com\/fr\/wp-json\/wp\/v2\/posts"}],"about":[{"href":"https:\/\/www.europesays.com\/fr\/wp-json\/wp\/v2\/types\/post"}],"author":[{"embeddable":true,"href":"https:\/\/www.europesays.com\/fr\/wp-json\/wp\/v2\/users\/2"}],"replies":[{"embeddable":true,"href":"https:\/\/www.europesays.com\/fr\/wp-json\/wp\/v2\/comments?post=249901"}],"version-history":[{"count":0,"href":"https:\/\/www.europesays.com\/fr\/wp-json\/wp\/v2\/posts\/249901\/revisions"}],"wp:featuredmedia":[{"embeddable":true,"href":"https:\/\/www.europesays.com\/fr\/wp-json\/wp\/v2\/media\/249902"}],"wp:attachment":[{"href":"https:\/\/www.europesays.com\/fr\/wp-json\/wp\/v2\/media?parent=249901"}],"wp:term":[{"taxonomy":"category","embeddable":true,"href":"https:\/\/www.europesays.com\/fr\/wp-json\/wp\/v2\/categories?post=249901"},{"taxonomy":"post_tag","embeddable":true,"href":"https:\/\/www.europesays.com\/fr\/wp-json\/wp\/v2\/tags?post=249901"}],"curies":[{"name":"wp","href":"https:\/\/api.w.org\/{rel}","templated":true}]}}