{"id":249917,"date":"2025-07-14T18:21:09","date_gmt":"2025-07-14T18:21:09","guid":{"rendered":"https:\/\/www.europesays.com\/fr\/249917\/"},"modified":"2025-07-14T18:21:09","modified_gmt":"2025-07-14T18:21:09","slug":"rc-strasbourg-un-nouveau-responsable-editorial-arrive-de-las-monaco","status":"publish","type":"post","link":"https:\/\/www.europesays.com\/fr\/249917\/","title":{"rendered":"RC Strasbourg. Un nouveau responsable \u00e9ditorial arrive de l&rsquo;AS Monaco"},"content":{"rendered":"<p><img fetchpriority=\"high\" decoding=\"async\" width=\"600\" height=\"400\" src=\"https:\/\/www.europesays.com\/fr\/wp-content\/uploads\/2025\/07\/RC-Strasbourg-Alsace-RCSAillustration.jpg\" alt=\"RC Strasbourg. Un nouveau responsable \u00e9ditorial arrive de l'AS Monaco\" class=\"wp-image-217721\"  \/>Le RC Strasbourg a un nouveau responsable \u00e9ditorial.<\/p>\n<p>Le mercato du <a href=\"https:\/\/sportune.20minutes.fr\/rc-strasbourg-rcsa\" rel=\"nofollow noopener\" target=\"_blank\">RC Strasbourg<\/a> se joue aussi hors des terrains. Sur sa page Linkedin, Valentin Delitot a annonc\u00e9 son arriv\u00e9e au club alsacien, au poste de responsable \u00e9ditorial. Cette nomination marque un retour du professionnel dans au <a href=\"https:\/\/sportune.20minutes.fr\/rc-strasbourg-rcsa\" rel=\"nofollow noopener\" target=\"_blank\">RCSA<\/a> o\u00f9 il avait d\u00e9j\u00e0 effectu\u00e9 un stage en 2015.<\/p>\n<p>\u00c2g\u00e9 de 32 ans, Valentin Delitot vient de quitter l\u2019<a href=\"https:\/\/sportune.20minutes.fr\/as-monaco-asm\" rel=\"nofollow noopener\" target=\"_blank\">AS Monaco<\/a> apr\u00e8s trois saisons pass\u00e9es sur le Rocher. Il y occupait le poste de social media manager depuis f\u00e9vrier 2024, apr\u00e8s avoir \u00e9t\u00e9 community manager de septembre 2022 \u00e0 janvier 2024.<\/p>\n<p>Un retour l\u00e0 o\u00f9 tout a commenc\u00e9<\/p>\n<p>Avant son passage mon\u00e9gasque, le nouveau responsable \u00e9ditorial strasbourgeois avait b\u00e2ti l\u2019essentiel de son exp\u00e9rience au FC Sochaux-Montb\u00e9liard, o\u00f9 il a offici\u00e9 pendant pr\u00e8s de sept ans. Il y a d\u2019abord effectu\u00e9 un stage de charg\u00e9 de communication de janvier 2016 \u00e0 mars 2017, avant d\u2019\u00eatre recrut\u00e9 en CDI comme charg\u00e9 de communication et attach\u00e9 de presse jusqu\u2019en octobre 2022.<\/p>\n<p>Dipl\u00f4m\u00e9 d\u2019un MBA de l\u2019ISG Institut Sup\u00e9rieur de Gestion (2015-2017) et d\u2019un Bachelor de l\u2019ISEGCOM (2012-2015), Valentin Delitot avait d\u00e9j\u00e0 eu un premier contact avec le club strasbourgeois lors d\u2019un stage de deux mois en tant que charg\u00e9 de projet commercial et marketing au d\u00e9but de l\u2019ann\u00e9e 2015.<\/p><\/p>\n","protected":false},"excerpt":{"rendered":"Le RC Strasbourg a un nouveau responsable \u00e9ditorial. Le mercato du RC Strasbourg se joue aussi hors des&hellip;\n","protected":false},"author":2,"featured_media":249918,"comment_status":"","ping_status":"","sticky":false,"template":"","format":"standard","meta":{"footnotes":""},"categories":[2820],"tags":[1111,11,2266,1777,674,1011,27,775,12,4448,25,640,969],"class_list":{"0":"post-249917","1":"post","2":"type-post","3":"status-publish","4":"format-standard","5":"has-post-thumbnail","7":"category-strasbourg","8":"tag-actu","9":"tag-actualites","10":"tag-as-monaco","11":"tag-eu","12":"tag-europe","13":"tag-fr","14":"tag-france","15":"tag-grand-est","16":"tag-news","17":"tag-rc-strasbourg","18":"tag-republique-francaise","19":"tag-strasbourg","20":"tag-transfert"},"share_on_mastodon":{"url":"https:\/\/pubeurope.com\/@fr\/114852979205027001","error":""},"_links":{"self":[{"href":"https:\/\/www.europesays.com\/fr\/wp-json\/wp\/v2\/posts\/249917","targetHints":{"allow":["GET"]}}],"collection":[{"href":"https:\/\/www.europesays.com\/fr\/wp-json\/wp\/v2\/posts"}],"about":[{"href":"https:\/\/www.europesays.com\/fr\/wp-json\/wp\/v2\/types\/post"}],"author":[{"embeddable":true,"href":"https:\/\/www.europesays.com\/fr\/wp-json\/wp\/v2\/users\/2"}],"replies":[{"embeddable":true,"href":"https:\/\/www.europesays.com\/fr\/wp-json\/wp\/v2\/comments?post=249917"}],"version-history":[{"count":0,"href":"https:\/\/www.europesays.com\/fr\/wp-json\/wp\/v2\/posts\/249917\/revisions"}],"wp:featuredmedia":[{"embeddable":true,"href":"https:\/\/www.europesays.com\/fr\/wp-json\/wp\/v2\/media\/249918"}],"wp:attachment":[{"href":"https:\/\/www.europesays.com\/fr\/wp-json\/wp\/v2\/media?parent=249917"}],"wp:term":[{"taxonomy":"category","embeddable":true,"href":"https:\/\/www.europesays.com\/fr\/wp-json\/wp\/v2\/categories?post=249917"},{"taxonomy":"post_tag","embeddable":true,"href":"https:\/\/www.europesays.com\/fr\/wp-json\/wp\/v2\/tags?post=249917"}],"curies":[{"name":"wp","href":"https:\/\/api.w.org\/{rel}","templated":true}]}}