{"id":249921,"date":"2025-07-14T18:23:09","date_gmt":"2025-07-14T18:23:09","guid":{"rendered":"https:\/\/www.europesays.com\/fr\/249921\/"},"modified":"2025-07-14T18:23:09","modified_gmt":"2025-07-14T18:23:09","slug":"la-justice-suspend-la-decision-de-nice-de-limiter-le-nombre-de-paquebots-geants","status":"publish","type":"post","link":"https:\/\/www.europesays.com\/fr\/249921\/","title":{"rendered":"la justice suspend la d\u00e9cision de Nice de limiter le nombre de paquebots g\u00e9ants"},"content":{"rendered":"<p>AFP Videos &#8211; France<\/p>\n<p><a class=\"Td(n) C($inherit) LineClamp(2,45px) D(f) rapidnofollow\" data-uuid=\"11951fb1-2e22-3d2a-8796-f4d786c83783\" href=\"https:\/\/fr.news.yahoo.com\/combats-sud-syrie-centaine-morts-174824374.html\" data-ylk=\"elm:hdln;itc:0;pos:1;sec:strm;subsec:moreforyou;cpos:13;ct:video;g:11951fb1-2e22-3d2a-8796-f4d786c83783\" data-hosted-type=\"HOSTED\" target=\"_blank\" rel=\"noopener\">Combats dans le sud de la Syrie: une centaine de morts, Isra\u00ebl intervient<\/a><\/p>\n<p class=\"M(0) C($summaryColor) Fz(14px) Lh(1.43em) LineClamp(3,60px)\">Les forces gouvernementales syriennes progressaient lundi soir vers la ville \u00e0 majorit\u00e9 druze de Soue\u00efda, malgr\u00e9 l&rsquo;opposition d&rsquo;Isra\u00ebl qui a vis\u00e9 le secteur o\u00f9 des affrontements entre combattants druzes et b\u00e9douins ont fait une centaine de morts, selon une ONG.Ces nouvelles violences intercommunautaires illustrent les d\u00e9fis auxquels fait face le pouvoir int\u00e9rimaire d&rsquo;Ahmad al-Chareh depuis qu&rsquo;il a renvers\u00e9 le pr\u00e9sident Bachar al-Assad en d\u00e9cembre, dans un pays meurtri par pr\u00e8s de 14 ans de guerre civile.Isra\u00ebl, d\u00e9j\u00e0 intervenu ces derniers mois en Syrie sous pr\u00e9texte de prot\u00e9ger les druzes, a annonc\u00e9 avoir frapp\u00e9 dans cette r\u00e9gion plusieurs chars des forces gouvernementales et ajout\u00e9 qu&rsquo;il ne permettrait pas de pr\u00e9sence militaire dans le sud de la Syrie.Ces frappes constituent \u00ab\u00a0un avertissement clair au r\u00e9gime syrien. Nous ne permettrons pas que du mal soit fait aux druzes en Syrie\u00a0\u00bb, a d\u00e9clar\u00e9 le ministre de la D\u00e9fense, Isra\u00ebl Katz.\u00a0Lundi apr\u00e8s-midi, les forces gouvernementales qui avaient d\u00e9p\u00each\u00e9 d&rsquo;importants renforts dans la r\u00e9gion ont pris le contr\u00f4le d&rsquo;Al-Mazraah, un village druze aux abords de Soue\u00efda, a constat\u00e9 un correspondant de l&rsquo;AFP.Ces forces, appuy\u00e9es par des chars, se sont d\u00e9ploy\u00e9es dans le village, o\u00f9 se trouvaient \u00e9galement des combattants tribaux b\u00e9douins, a-t-il ajout\u00e9.\u00a0\u00ab\u00a0Les forces du minist\u00e8re de la D\u00e9fense se dirigent vers Soue\u00efda\u00a0\u00bb, a d\u00e9clar\u00e9 \u00e0 l&rsquo;AFP un commandant de ces forces, Ezzeddine al-Chamayer.Le minist\u00e8re de l&rsquo;Int\u00e9rieur a affirm\u00e9 que \u00ab\u00a0les forces de l&rsquo;arm\u00e9e et de la s\u00e9curit\u00e9 int\u00e9rieure se sont rapproch\u00e9es du centre\u00a0\u00bb de Soue\u00efda.Les chefs religieux druzes ont appel\u00e9 au calme et l&rsquo;un des plus influents, cheikh Hikmat al-Hejri, a r\u00e9clam\u00e9 une \u00ab\u00a0protection internationale imm\u00e9diate\u00a0\u00bb pour sa communaut\u00e9, affirmant refuser l&rsquo;entr\u00e9e des forces gouvernementales dans les zones contr\u00f4l\u00e9es par les druzes.La province de Soue\u00efda abrite la plus importante communaut\u00e9 druze du pays, une minorit\u00e9 \u00e9sot\u00e9rique issue de l&rsquo;islam qui compte quelque 700.000 membres en Syrie et est aussi implant\u00e9e au Liban et en Isra\u00ebl.- Craintes de massacres -\u00ab\u00a0Nous avons tr\u00e8s peur, les obus nous tombent dessus. La circulation est paralys\u00e9e dans les rues et les magasins sont ferm\u00e9s\u00a0\u00bb, a affirm\u00e9 \u00e0 l&rsquo;AFP un p\u00e8re de famille de 51 ans, Abou Taym, \u00e0 Soue\u00efda.Un petit nombre d&rsquo;habitants ont particip\u00e9 aux fun\u00e9railles de combattants tu\u00e9s, selon un photographe de l&rsquo;AFP.\u00a0\u00bbNous craignons que le sc\u00e9nario du littoral se r\u00e9p\u00e8te\u00a0\u00bb, a d\u00e9clar\u00e9 \u00e0 l&rsquo;AFP Amal, une femme de 46 ans, en r\u00e9f\u00e9rence aux massacres de centaines de membres de la minorit\u00e9 alaouite en mars, imput\u00e9s \u00e0 des groupes alli\u00e9s aux forces de s\u00e9curit\u00e9.\u00a0\u00bbNous ne sommes pas contre l&rsquo;Etat, mais nous ne voulons pas remettre nos armes sans qu&rsquo;il y ait un Etat qui traite tout le monde \u00e9quitablement\u00a0\u00bb, a-t-elle expliqu\u00e9.\u00a0Le ministre de la D\u00e9fense Mourhaf Abou Qasra a appel\u00e9 sur X les soldats \u00e0 \u00ab\u00a0prot\u00e9ger les citoyens\u00a0\u00bb contre \u00ab\u00a0les bandes qui \u00e9chappent \u00e0 la loi\u00a0\u00bb et \u00ab\u00a0ramener la stabilit\u00e9 \u00e0 Soue\u00efda\u00a0\u00bb.Selon l&rsquo;Observatoire syrien des droits de l&rsquo;Homme (OSDH), les affrontements ont fait depuis dimanche 99 morts, parmi lesquels 60 druzes, pour la plupart des combattants mais \u00e9galement deux femmes et deux enfants, 18 b\u00e9douins, 14 membres de forces de s\u00e9curit\u00e9 et sept hommes arm\u00e9s non identifi\u00e9s.Le minist\u00e8re de la D\u00e9fense a fait \u00e9tat de 18 morts dans les rangs des forces arm\u00e9es.- Autoroute ferm\u00e9e -Le ministre de l&rsquo;Int\u00e9rieur Anas Khattab avait estim\u00e9 que l'\u00a0\u00bbabsence d&rsquo;institutions \u00e9tatiques, militaires et s\u00e9curitaires\u00a0\u00bb \u00e9tait \u00ab\u00a0une cause majeure des tensions persistantes \u00e0 Soue\u00efda\u00a0\u00bb.\u00a0L&rsquo;autoroute reliant Damas \u00e0 Soue\u00efda \u00e9tait ferm\u00e9e lundi, selon le correspondant de l&rsquo;AFP.Les tensions couvaient depuis des heurts interconfessionnels en avril\u00a0entre combattants druzes et forces de s\u00e9curit\u00e9 dans les zones druzes proches de Damas et \u00e0 Soue\u00efda, qui avaient fait plus de 100 morts.Des membres de tribus b\u00e9douines sunnites de Soue\u00efda avaient particip\u00e9 aux affrontements au c\u00f4t\u00e9 des forces de s\u00e9curit\u00e9, selon l&rsquo;OSDH.A la suite de ces affrontements, Isra\u00ebl avait invoqu\u00e9 la protection des druzes pour justifier plusieurs frappes en Syrie.A l&rsquo;\u00e9poque, des chefs locaux et religieux avaient conclu des accords, en vertu desquels des combattants druzes assurent depuis mai la s\u00e9curit\u00e9 dans la province.Apr\u00e8s la chute de Bachar al-Assad, renvers\u00e9 par une coalition de rebelles islamistes sunnites, les violences contre la communaut\u00e9 alaouite -plus de 1.700 morts- puis contre les druzes, ainsi qu&rsquo;un attentat contre une \u00e9glise \u00e0 Damas en juin, ont \u00e9branl\u00e9 la confiance dans la capacit\u00e9 du nouveau pouvoir \u00e0 prot\u00e9ger les minorit\u00e9s.bur-lk-at\/sg<\/p>\n","protected":false},"excerpt":{"rendered":"AFP Videos &#8211; France Combats dans le sud de la Syrie: une centaine de morts, Isra\u00ebl intervient Les&hellip;\n","protected":false},"author":2,"featured_media":249922,"comment_status":"","ping_status":"","sticky":false,"template":"","format":"standard","meta":{"footnotes":""},"categories":[2819],"tags":[1111,11,2397,1777,674,1011,27,29241,2794,10232,12,2401,882,25,39025],"class_list":{"0":"post-249921","1":"post","2":"type-post","3":"status-publish","4":"format-standard","5":"has-post-thumbnail","7":"category-nice","8":"tag-actu","9":"tag-actualites","10":"tag-christian-estrosi","11":"tag-eu","12":"tag-europe","13":"tag-fr","14":"tag-france","15":"tag-la-cote-dazur","16":"tag-la-region","17":"tag-maire-de-nice","18":"tag-news","19":"tag-nice","20":"tag-provence-alpes-cote-dazur","21":"tag-republique-francaise","22":"tag-tribunal-administratif-de-nice"},"share_on_mastodon":{"url":"https:\/\/pubeurope.com\/@fr\/114852987040702711","error":""},"_links":{"self":[{"href":"https:\/\/www.europesays.com\/fr\/wp-json\/wp\/v2\/posts\/249921","targetHints":{"allow":["GET"]}}],"collection":[{"href":"https:\/\/www.europesays.com\/fr\/wp-json\/wp\/v2\/posts"}],"about":[{"href":"https:\/\/www.europesays.com\/fr\/wp-json\/wp\/v2\/types\/post"}],"author":[{"embeddable":true,"href":"https:\/\/www.europesays.com\/fr\/wp-json\/wp\/v2\/users\/2"}],"replies":[{"embeddable":true,"href":"https:\/\/www.europesays.com\/fr\/wp-json\/wp\/v2\/comments?post=249921"}],"version-history":[{"count":0,"href":"https:\/\/www.europesays.com\/fr\/wp-json\/wp\/v2\/posts\/249921\/revisions"}],"wp:featuredmedia":[{"embeddable":true,"href":"https:\/\/www.europesays.com\/fr\/wp-json\/wp\/v2\/media\/249922"}],"wp:attachment":[{"href":"https:\/\/www.europesays.com\/fr\/wp-json\/wp\/v2\/media?parent=249921"}],"wp:term":[{"taxonomy":"category","embeddable":true,"href":"https:\/\/www.europesays.com\/fr\/wp-json\/wp\/v2\/categories?post=249921"},{"taxonomy":"post_tag","embeddable":true,"href":"https:\/\/www.europesays.com\/fr\/wp-json\/wp\/v2\/tags?post=249921"}],"curies":[{"name":"wp","href":"https:\/\/api.w.org\/{rel}","templated":true}]}}