{"id":249924,"date":"2025-07-14T18:25:19","date_gmt":"2025-07-14T18:25:19","guid":{"rendered":"https:\/\/www.europesays.com\/fr\/249924\/"},"modified":"2025-07-14T18:25:19","modified_gmt":"2025-07-14T18:25:19","slug":"plusieurs-coups-de-feu-tires-sur-une-voiture-pres-de-nantes","status":"publish","type":"post","link":"https:\/\/www.europesays.com\/fr\/249924\/","title":{"rendered":"Plusieurs coups de feu tir\u00e9s sur une voiture pr\u00e8s de Nantes"},"content":{"rendered":"<p>Trois coups de feu ont retenti au petit matin ce lundi 14\u00a0juillet, vers 6\u00a0h, avenue de la Jeunesse, \u00e0 Orvault, en p\u00e9riph\u00e9rie nantaise. Les tirs ont cibl\u00e9 les vitres d\u2019une Citro\u00ebn C4 en stationnement, \u00e0 bord de laquelle personne ne se trouvait. L\u2019\u00e9v\u00e9nement n\u2019a fait aucun bless\u00e9.<\/p>\n<p><strong>Lire aussi : <\/strong> <a href=\"https:\/\/nantes.maville.com\/actu\/actudet_-sa-voiture-sentait-fort-le-cannabis-plusieurs-kilos-sous-le-siege-de-la-jeune-conductrice-a-nantes-_8-6896575_actu.Htm\" target=\"_self\" rel=\"noopener\"> <strong>Sa voiture sentait fort le cannabis, plusieurs kilos sous le si\u00e8ge de la jeune conductrice \u00e0 Nantes<\/strong> <\/a><\/p>\n<p>D\u2019apr\u00e8s les premiers \u00e9l\u00e9ments, l\u2019enqu\u00eate s\u2019oriente vers un probable r\u00e8glement de compte sur fond de trafic de stup\u00e9fiants, les tirs pouvant s\u2019apparenter \u00e0 un coup de semonce li\u00e9 \u00e0 un diff\u00e9rend qui reste \u00e0 \u00e9tablir.<\/p>\n<p>\u00a0<\/p>\n","protected":false},"excerpt":{"rendered":"Trois coups de feu ont retenti au petit matin ce lundi 14\u00a0juillet, vers 6\u00a0h, avenue de la Jeunesse,&hellip;\n","protected":false},"author":2,"featured_media":249925,"comment_status":"","ping_status":"","sticky":false,"template":"","format":"standard","meta":{"footnotes":""},"categories":[2818],"tags":[1111,11,854,1777,674,1312,1011,27,766,12,2636,3762,25,37041,4752],"class_list":{"0":"post-249924","1":"post","2":"type-post","3":"status-publish","4":"format-standard","5":"has-post-thumbnail","7":"category-nantes","8":"tag-actu","9":"tag-actualites","10":"tag-coups","11":"tag-eu","12":"tag-europe","13":"tag-feu","14":"tag-fr","15":"tag-france","16":"tag-nantes","17":"tag-news","18":"tag-pays-de-la-loire","19":"tag-pres","20":"tag-republique-francaise","21":"tag-tires","22":"tag-voiture"},"share_on_mastodon":{"url":"https:\/\/pubeurope.com\/@fr\/114852994977719502","error":""},"_links":{"self":[{"href":"https:\/\/www.europesays.com\/fr\/wp-json\/wp\/v2\/posts\/249924","targetHints":{"allow":["GET"]}}],"collection":[{"href":"https:\/\/www.europesays.com\/fr\/wp-json\/wp\/v2\/posts"}],"about":[{"href":"https:\/\/www.europesays.com\/fr\/wp-json\/wp\/v2\/types\/post"}],"author":[{"embeddable":true,"href":"https:\/\/www.europesays.com\/fr\/wp-json\/wp\/v2\/users\/2"}],"replies":[{"embeddable":true,"href":"https:\/\/www.europesays.com\/fr\/wp-json\/wp\/v2\/comments?post=249924"}],"version-history":[{"count":0,"href":"https:\/\/www.europesays.com\/fr\/wp-json\/wp\/v2\/posts\/249924\/revisions"}],"wp:featuredmedia":[{"embeddable":true,"href":"https:\/\/www.europesays.com\/fr\/wp-json\/wp\/v2\/media\/249925"}],"wp:attachment":[{"href":"https:\/\/www.europesays.com\/fr\/wp-json\/wp\/v2\/media?parent=249924"}],"wp:term":[{"taxonomy":"category","embeddable":true,"href":"https:\/\/www.europesays.com\/fr\/wp-json\/wp\/v2\/categories?post=249924"},{"taxonomy":"post_tag","embeddable":true,"href":"https:\/\/www.europesays.com\/fr\/wp-json\/wp\/v2\/tags?post=249924"}],"curies":[{"name":"wp","href":"https:\/\/api.w.org\/{rel}","templated":true}]}}