{"id":249935,"date":"2025-07-14T18:32:09","date_gmt":"2025-07-14T18:32:09","guid":{"rendered":"https:\/\/www.europesays.com\/fr\/249935\/"},"modified":"2025-07-14T18:32:09","modified_gmt":"2025-07-14T18:32:09","slug":"le-grand-port-maritime-de-marseille-affiche-une-belle-croissance","status":"publish","type":"post","link":"https:\/\/www.europesays.com\/fr\/249935\/","title":{"rendered":"Le grand port maritime de Marseille affiche une belle croissance"},"content":{"rendered":"<p>La majorit\u00e9 des segments de l\u2019activit\u00e9 du trafic maritime sont au vert. Port\u00e9 par une croissance globale de +\u00a07\u00a0%, le premier semestre de l\u2019ann\u00e9e\u00a02025 s\u2019appuie sur des objectifs strat\u00e9giques. <a href=\"https:\/\/www.laprovence.com\/article\/economie\/1044878337643614\/le-port-de-marseille-fos-entame-un-moment-cle-de-son-histoire\" target=\"_blank\" rel=\"nofollow noopener\">Le port de Marseille Fos<\/a> d\u00e9ploiera pour les cinq ans \u00e0 venir pr\u00e8s d\u2019un milliard d\u2019euros d\u2019investissements.<\/p>\n<p>D\u2019ores et d\u00e9j\u00e0, en\u00a02025, \u00ab\u00a0nous avions pr\u00e9vu 100\u00a0millions d\u2019investissements et \u00e0 ce jour ce sont 80\u00a0millions qui ont \u00e9t\u00e9 d\u00e9gag\u00e9s\u00a0\u00bb, souligne-t-on du c\u00f4t\u00e9 du <a href=\"https:\/\/www.laprovence.com\/article\/ecoplanete\/1385910764071115\/le-port-de-marseille-fos-prevoit-daccueillir-des-eoliennes-flottantes-dici-2028\" target=\"_blank\" rel=\"nofollow noopener\">GPMM<\/a> (Grand Port maritime de Marseille),\u00a0\u00bbc\u2019est \u00e0 peu pr\u00e8s la m\u00eame chose que l\u2019ann\u00e9e derni\u00e8re. Mais c\u2019est le double des ann\u00e9es pr\u00e9c\u00e9dentes. Nous montons en puissance.\u00a0\u00bb<\/p>\n<p>Les 100\u00a0millions d\u2019euros seront fl\u00e9ch\u00e9s sur la transition \u00e9cologique, la modernisation des infrastructures et le d\u00e9veloppement des activit\u00e9s. Comment\u00a0? Par axes strat\u00e9giques. 36,6\u00a0millions seront plac\u00e9s pour la d\u00e9carbonation, \u00ab\u00a0dont 32,6\u00a0millions d\u2019euros pour l\u2019\u00e9lectrification \u00e0 quai, d\u00e8s ce premier semestre\u00a0\u00bb, pr\u00e9cise la direction. Soit d\u00e9j\u00e0 deux navires branch\u00e9s en simultan\u00e9, en\u00a02026. Voire potentiellement un troisi\u00e8me. La phase de test sera effectu\u00e9e en fin d\u2019ann\u00e9e.<\/p>\n","protected":false},"excerpt":{"rendered":"La majorit\u00e9 des segments de l\u2019activit\u00e9 du trafic maritime sont au vert. Port\u00e9 par une croissance globale de&hellip;\n","protected":false},"author":2,"featured_media":249936,"comment_status":"","ping_status":"","sticky":false,"template":"","format":"standard","meta":{"footnotes":""},"categories":[2814],"tags":[17,1111,11,2084,6041,33,1777,674,1011,27,2515,6129,884,12,5159,882,25,96],"class_list":{"0":"post-249935","1":"post","2":"type-post","3":"status-publish","4":"format-standard","5":"has-post-thumbnail","7":"category-marseille","8":"tag-17","9":"tag-actu","10":"tag-actualites","11":"tag-affiche","12":"tag-belle","13":"tag-economie","14":"tag-eu","15":"tag-europe","16":"tag-fr","17":"tag-france","18":"tag-grand","19":"tag-maritime","20":"tag-marseille","21":"tag-news","22":"tag-port","23":"tag-provence-alpes-cote-dazur","24":"tag-republique-francaise","25":"tag-une"},"share_on_mastodon":{"url":"https:\/\/pubeurope.com\/@fr\/114853022445169047","error":""},"_links":{"self":[{"href":"https:\/\/www.europesays.com\/fr\/wp-json\/wp\/v2\/posts\/249935","targetHints":{"allow":["GET"]}}],"collection":[{"href":"https:\/\/www.europesays.com\/fr\/wp-json\/wp\/v2\/posts"}],"about":[{"href":"https:\/\/www.europesays.com\/fr\/wp-json\/wp\/v2\/types\/post"}],"author":[{"embeddable":true,"href":"https:\/\/www.europesays.com\/fr\/wp-json\/wp\/v2\/users\/2"}],"replies":[{"embeddable":true,"href":"https:\/\/www.europesays.com\/fr\/wp-json\/wp\/v2\/comments?post=249935"}],"version-history":[{"count":0,"href":"https:\/\/www.europesays.com\/fr\/wp-json\/wp\/v2\/posts\/249935\/revisions"}],"wp:featuredmedia":[{"embeddable":true,"href":"https:\/\/www.europesays.com\/fr\/wp-json\/wp\/v2\/media\/249936"}],"wp:attachment":[{"href":"https:\/\/www.europesays.com\/fr\/wp-json\/wp\/v2\/media?parent=249935"}],"wp:term":[{"taxonomy":"category","embeddable":true,"href":"https:\/\/www.europesays.com\/fr\/wp-json\/wp\/v2\/categories?post=249935"},{"taxonomy":"post_tag","embeddable":true,"href":"https:\/\/www.europesays.com\/fr\/wp-json\/wp\/v2\/tags?post=249935"}],"curies":[{"name":"wp","href":"https:\/\/api.w.org\/{rel}","templated":true}]}}