{"id":249939,"date":"2025-07-14T18:34:10","date_gmt":"2025-07-14T18:34:10","guid":{"rendered":"https:\/\/www.europesays.com\/fr\/249939\/"},"modified":"2025-07-14T18:34:10","modified_gmt":"2025-07-14T18:34:10","slug":"chamonix-mont-blanc-bach-to-minimalism-par-le-concert-de-lhostel-dieu","status":"publish","type":"post","link":"https:\/\/www.europesays.com\/fr\/249939\/","title":{"rendered":"Chamonix-Mont-Blanc. Bach To Minimalism par Le Concert de l\u2019Hostel Dieu"},"content":{"rendered":"<p>Bach To Minimalism s\u2019inscrit dans la lign\u00e9e de Vivaldi reloaded\u00a0 ou Metamorphosis , projets phare du Concert de l\u2019Hostel Dieu. Des cr\u00e9ations qui ont pour point commun de souligner les correspondances entre le r\u00e9pertoire instrumental baroque et l\u2019univers minimaliste contemporain, avec aux violons solos Reynier Guerrero et Minori Deguchi. S\u2019inspirant de la fascination des compositeurs minimalistes pour l\u2019\u0153uvre de Bach, le programme fait correspondre son g\u00e9nie contrapuntique \u00e0 l\u2019\u00e9nergie pop des textures rythmiques de Karl Jenkins, les m\u00e9ditations d\u2019Arvo P\u00e4rt faisant quant \u00e0 elles \u00e9cho \u00e0 l\u2019int\u00e9riorit\u00e9 de L\u2019Art de la Fugue.<\/p>\n<p class=\"note\">Festival de musique baroque. Mercredi 16\u00a0juillet \u00e0 20\u00a0h\u00a030, \u00e9glise Saint-Michel. Tarif\u00a0: 27\u00a0\u20ac. Causerie avant concert au Centre des congr\u00e8s du Majestic \u00e0 18\u00a0h.<\/p>\n","protected":false},"excerpt":{"rendered":"Bach To Minimalism s\u2019inscrit dans la lign\u00e9e de Vivaldi reloaded\u00a0 ou Metamorphosis , projets phare du Concert de&hellip;\n","protected":false},"author":2,"featured_media":249940,"comment_status":"","ping_status":"","sticky":false,"template":"","format":"standard","meta":{"footnotes":""},"categories":[1889],"tags":[1111,11,2430,22849,1687,9543,1777,674,1011,27,2428,873,12,22850,25],"class_list":{"0":"post-249939","1":"post","2":"type-post","3":"status-publish","4":"format-standard","5":"has-post-thumbnail","7":"category-lyon","8":"tag-actu","9":"tag-actualites","10":"tag-auvergne-rhone-alpes","11":"tag-chamonix-mont-blanc","12":"tag-culture-loisirs","13":"tag-edition-mont-blanc-arve","14":"tag-eu","15":"tag-europe","16":"tag-fr","17":"tag-france","18":"tag-lyon","19":"tag-musique","20":"tag-news","21":"tag-ouverture-chamonix","22":"tag-republique-francaise"},"share_on_mastodon":{"url":"https:\/\/pubeurope.com\/@fr\/114853030372688169","error":""},"_links":{"self":[{"href":"https:\/\/www.europesays.com\/fr\/wp-json\/wp\/v2\/posts\/249939","targetHints":{"allow":["GET"]}}],"collection":[{"href":"https:\/\/www.europesays.com\/fr\/wp-json\/wp\/v2\/posts"}],"about":[{"href":"https:\/\/www.europesays.com\/fr\/wp-json\/wp\/v2\/types\/post"}],"author":[{"embeddable":true,"href":"https:\/\/www.europesays.com\/fr\/wp-json\/wp\/v2\/users\/2"}],"replies":[{"embeddable":true,"href":"https:\/\/www.europesays.com\/fr\/wp-json\/wp\/v2\/comments?post=249939"}],"version-history":[{"count":0,"href":"https:\/\/www.europesays.com\/fr\/wp-json\/wp\/v2\/posts\/249939\/revisions"}],"wp:featuredmedia":[{"embeddable":true,"href":"https:\/\/www.europesays.com\/fr\/wp-json\/wp\/v2\/media\/249940"}],"wp:attachment":[{"href":"https:\/\/www.europesays.com\/fr\/wp-json\/wp\/v2\/media?parent=249939"}],"wp:term":[{"taxonomy":"category","embeddable":true,"href":"https:\/\/www.europesays.com\/fr\/wp-json\/wp\/v2\/categories?post=249939"},{"taxonomy":"post_tag","embeddable":true,"href":"https:\/\/www.europesays.com\/fr\/wp-json\/wp\/v2\/tags?post=249939"}],"curies":[{"name":"wp","href":"https:\/\/api.w.org\/{rel}","templated":true}]}}