{"id":249941,"date":"2025-07-14T18:35:27","date_gmt":"2025-07-14T18:35:27","guid":{"rendered":"https:\/\/www.europesays.com\/fr\/249941\/"},"modified":"2025-07-14T18:35:27","modified_gmt":"2025-07-14T18:35:27","slug":"le-cri-du-pere-apres-la-mort-de-son-fils-fauche-pres-de-lyon","status":"publish","type":"post","link":"https:\/\/www.europesays.com\/fr\/249941\/","title":{"rendered":"le cri du p\u00e8re apr\u00e8s la mort de son fils fauch\u00e9 pr\u00e8s de Lyon"},"content":{"rendered":"<p>            Par<br \/>\n        <strong><br \/>\n            <a href=\"https:\/\/actu.fr\/auteur\/pierrechemel\" title=\"Consulter tous les articles de Pierre Chemel\" rel=\"nofollow noopener\" target=\"_blank\">Pierre Chemel<\/a><br \/>\n        <\/strong><\/p>\n<p>        Publi\u00e9 le<\/p>\n<p>            14 juil. 2025 \u00e0 18h23        <\/p>\n<p>\u00ab Qu\u2019on n\u2019oublie pas mon fils \u00bb. Ce lundi 14 juillet, au lendemain de la mort de son fils, le p\u00e8re de <strong>Kilyan<\/strong> a pris la parole sur <a href=\"https:\/\/vm.tiktok.com\/ZNdaBpmb5\/\" rel=\"nofollow noopener\" target=\"_blank\">TikTok<\/a>. Dans un message post\u00e9 sur le r\u00e9seau social, il raconte avec <strong>\u00e9motion<\/strong> et <strong>col\u00e8re<\/strong> la terrible sc\u00e8ne qui a co\u00fbt\u00e9 la vie \u00e0 son gar\u00e7on de 16 ans, fauch\u00e9 sur un trottoir de l\u2019avenue Marcel Cachin \u00e0 <a href=\"https:\/\/actu.fr\/auvergne-rhone-alpes\/venissieux_69259\" rel=\"nofollow noopener\" target=\"_blank\">V\u00e9nissieux<\/a> (Rh\u00f4ne).<\/p>\n<p class=\" wall-content\">D\u2019apr\u00e8s son r\u00e9cit, deux jeunes femmes, \u00e0 bord d\u2019une voiture, auraient br\u00fbl\u00e9 un feu rouge \u00e0 pleine vitesse. Leur v\u00e9hicule aurait alors percut\u00e9 une moto, dont le conducteur a \u00e9t\u00e9 projet\u00e9 violemment sur le trottoir\u2026 l\u00e0 o\u00f9 se trouvait Kilyan, \u00ab <strong>au mauvais endroit, au mauvais moment<\/strong> \u00bb. Le jeune homme est mort sur le coup et n\u2019est pas revenu \u00e0 la vie, malgr\u00e9 quatre tentatives de r\u00e9animation op\u00e9r\u00e9es par les secours. Le <strong>motard<\/strong>, lui, est toujours dans le coma et lutte entre la vie et la mort.<\/p>\n<p>Geste odieux<\/p>\n<p class=\" wall-content\">Le p\u00e8re de Kilyan d\u00e9nonce \u00e9galement un geste odieux commis apr\u00e8s l\u2019accident. Pendant que son fils gisait \u00e0 terre, deux gar\u00e7ons seraient venus lui <strong>voler son t\u00e9l\u00e9phone<\/strong>, plut\u00f4t que de lui porter secours.<\/p>\n<p class=\" wall-content\">\u00ab Une moto en miettes, une vie bris\u00e9e, une autre suspendue \u00e0 un fil \u2014 et des responsables toujours en libert\u00e9 \u00bb, d\u00e9plore-t-il dans ce message d\u00e9j\u00e0 visionn\u00e9 plus de 6000 fois en quelques heures, concluant par ce cri du c\u0153ur : \u00ab Justice pour Kilyan. \u00bb<\/p>\n<p>Un appel \u00e0 la m\u00e9moire<\/p>\n<p class=\" wall-content\">Le p\u00e8re demande aussi aux habitants et \u00e0 la municipalit\u00e9 de ne pas laisser ce drame sombrer dans l\u2019oubli. Il invite \u00e0 venir d\u00e9poser des <strong>fleurs<\/strong>, des <strong>bougies<\/strong>, des <strong>peluches<\/strong> ou des <strong>messages<\/strong> sur le passage pi\u00e9ton o\u00f9 son fils a perdu la vie.<\/p>\n<p>Vid\u00e9os : en ce moment sur Actu<\/p>\n<blockquote class=\"ac-article-quote wall-content\">\n<p>\u00ab Que cette commune de V\u00e9nissieux se souvienne que la vie d\u2019un innocent a \u00e9t\u00e9 prise sur ce passage pi\u00e9ton\u2026 Qu\u2019on n\u2019oublie pas mon fils Kilyan \u00bb<\/p>\n<p>    <strong>Le p\u00e8re de Kilyan<\/strong><br \/>\n        Trottinettiste de 16 ans mort le 13 juillet \u00e0 V\u00e9nissieux    <\/p><\/blockquote>\n<p class=\" wall-content\">Une enqu\u00eate est en cours pour retrouver les deux conductrices, qui ont pris la fuite apr\u00e8s le choc, laissant les <strong>victimes \u00e0 terre<\/strong>. Dans le quartier des Minguettes, l\u2019\u00e9motion est vive au lendemain du drame.<\/p>\n<p class=\" wall-content\">Suivez toute l\u2019actualit\u00e9 de vos villes et m\u00e9dias favoris en vous inscrivant \u00e0 <a href=\"https:\/\/moncompte.actu.fr\" title=\"D\u00e9couvez Mon Actu\" rel=\"nofollow noopener\" data-trk=\"{&quot;cta&quot;:{&quot;action&quot;:&quot;https:\\\/\\\/moncompte.actu.fr&quot;,&quot;category&quot;:&quot;mon compte&quot;,&quot;from&quot;:&quot;article footer&quot;,&quot;name&quot;:&quot;Mon actu&quot;,&quot;type&quot;:&quot;cta&quot;}}\" target=\"_blank\">Mon Actu<\/a>.<\/p>\n<p>                    <script async src=\"\/\/www.tiktok.com\/embed.js\"><\/script><\/p>\n","protected":false},"excerpt":{"rendered":"Par Pierre Chemel Publi\u00e9 le 14 juil. 2025 \u00e0 18h23 \u00ab Qu\u2019on n\u2019oublie pas mon fils \u00bb. Ce&hellip;\n","protected":false},"author":2,"featured_media":249942,"comment_status":"","ping_status":"","sticky":false,"template":"","format":"standard","meta":{"footnotes":""},"categories":[1889],"tags":[119,1111,11,2430,1777,674,118,1011,27,2428,12,25],"class_list":{"0":"post-249941","1":"post","2":"type-post","3":"status-publish","4":"format-standard","5":"has-post-thumbnail","7":"category-lyon","8":"tag-accident","9":"tag-actu","10":"tag-actualites","11":"tag-auvergne-rhone-alpes","12":"tag-eu","13":"tag-europe","14":"tag-faits-divers","15":"tag-fr","16":"tag-france","17":"tag-lyon","18":"tag-news","19":"tag-republique-francaise"},"share_on_mastodon":{"url":"https:\/\/pubeurope.com\/@fr\/114853034333121033","error":""},"_links":{"self":[{"href":"https:\/\/www.europesays.com\/fr\/wp-json\/wp\/v2\/posts\/249941","targetHints":{"allow":["GET"]}}],"collection":[{"href":"https:\/\/www.europesays.com\/fr\/wp-json\/wp\/v2\/posts"}],"about":[{"href":"https:\/\/www.europesays.com\/fr\/wp-json\/wp\/v2\/types\/post"}],"author":[{"embeddable":true,"href":"https:\/\/www.europesays.com\/fr\/wp-json\/wp\/v2\/users\/2"}],"replies":[{"embeddable":true,"href":"https:\/\/www.europesays.com\/fr\/wp-json\/wp\/v2\/comments?post=249941"}],"version-history":[{"count":0,"href":"https:\/\/www.europesays.com\/fr\/wp-json\/wp\/v2\/posts\/249941\/revisions"}],"wp:featuredmedia":[{"embeddable":true,"href":"https:\/\/www.europesays.com\/fr\/wp-json\/wp\/v2\/media\/249942"}],"wp:attachment":[{"href":"https:\/\/www.europesays.com\/fr\/wp-json\/wp\/v2\/media?parent=249941"}],"wp:term":[{"taxonomy":"category","embeddable":true,"href":"https:\/\/www.europesays.com\/fr\/wp-json\/wp\/v2\/categories?post=249941"},{"taxonomy":"post_tag","embeddable":true,"href":"https:\/\/www.europesays.com\/fr\/wp-json\/wp\/v2\/tags?post=249941"}],"curies":[{"name":"wp","href":"https:\/\/api.w.org\/{rel}","templated":true}]}}