{"id":249945,"date":"2025-07-14T18:38:17","date_gmt":"2025-07-14T18:38:17","guid":{"rendered":"https:\/\/www.europesays.com\/fr\/249945\/"},"modified":"2025-07-14T18:38:17","modified_gmt":"2025-07-14T18:38:17","slug":"en-images-indonesie-bleuet-de-france-ce-quil-fallait-ne-pas-louper-du-defile-du-14-juillet-a-paris","status":"publish","type":"post","link":"https:\/\/www.europesays.com\/fr\/249945\/","title":{"rendered":"EN IMAGES. Indon\u00e9sie, Bleuet de France&#8230; Ce qu&rsquo;il fallait ne pas louper du d\u00e9fil\u00e9 du 14-Juillet \u00e0 Paris"},"content":{"rendered":"<p>            Par<br \/>\n        <strong><br \/>\n            <a href=\"https:\/\/actu.fr\/auteur\/antoine-grotteria02\" title=\"Consulter tous les articles de Antoine Grotteria\" rel=\"nofollow noopener\" target=\"_blank\">Antoine Grotteria<\/a><br \/>\n        <\/strong><\/p>\n<p>        Publi\u00e9 le<\/p>\n<p>            14 juil. 2025 \u00e0 16h32        <\/p>\n<p>\u00ab\u2009Le 14-Juillet, c\u2019est sur les Champs, il n\u2019y a pas de d\u00e9bat\u2009\u00bb. Venu assister aux premi\u00e8res loges au d\u00e9fil\u00e9 militaire, Romain, 21\u00a0ans, n\u2019a que peu go\u00fbt\u00e9 \u00e0 <strong>l\u2019entorse aux traditions<\/strong>. Un an apr\u00e8s que l\u2019arm\u00e9e fran\u00e7aise eut \u00e9t\u00e9 contrainte de d\u00e9placer ses ouailles sur <a href=\"https:\/\/x.com\/AntoineGROTTER1\/status\/1944678587056968101\" rel=\"nofollow\">l\u2019avenue Foch<\/a> en raison des <a href=\"https:\/\/actu.fr\/tag\/jo-paris-2024\" rel=\"nofollow noopener\" target=\"_blank\">Jeux olympiques de Paris,<\/a> les soldats ont \u00e0 nouveau foul\u00e9 le pav\u00e9 des <a href=\"https:\/\/actu.fr\/tag\/champs-elysees\" rel=\"nofollow noopener\" target=\"_blank\">Champs-\u00c9lys\u00e9es<\/a> ce lundi 14\u00a0juillet 2025, jour de <strong>F\u00eate nationale<\/strong>. Au total, <strong>7\u2009000 femmes et hommes<\/strong> ont particip\u00e9 \u00e0 cet \u00e9v\u00e9nement ancr\u00e9 dans les m\u0153urs de la R\u00e9publique.<\/p>\n<p>Les grandes \u00e9coles bonnes \u00e9l\u00e8ves<\/p>\n<p class=\" wall-content\">Partie prenante d\u2019un <strong>contexte international tendu<\/strong>, la c\u00e9r\u00e9monie a fait \u00e9cho aux propos du chef de l\u2019\u00c9tat Emmanuel Macron, lequel a\u00a0<a href=\"https:\/\/actu.fr\/politique\/defense-emmanuel-macron-veut-3-5-milliards-d-euros-de-depenses-supplementaires-en-2026-puis-3-de-plus-en-2027_62908344.html\" rel=\"nofollow noopener\" target=\"_blank\">indiqu\u00e9<\/a> ce dimanche 13\u00a0juillet que \u00ab\u2009jamais depuis 1945 la libert\u00e9 n\u2019avait \u00e9t\u00e9 si menac\u00e9e\u2009\u00bb. Du d\u00e9fil\u00e9 a\u00e9rien au d\u00e9fil\u00e9 des troupes au sol, Paris a souhait\u00e9 mettre en sc\u00e8ne <strong>l\u2019architecture et les fondations de l\u2019arm\u00e9e<\/strong>.<\/p>\n<p class=\" wall-content\">\n<p class=\" wall-content\">Pour quelques citoyens crois\u00e9s aux aurores derri\u00e8re les barri\u00e8res, cette procession recelait une valeur symbolique. \u00ab\u2009La France peut \u00eatre forte. C\u2019est normal de le montrer\u2009\u00bb, s\u2019est extasi\u00e9 Hugo, un jeune Normand.<\/p>\n<blockquote class=\"ac-article-quote wall-content\">\n<p>\u00ab\u00a0C&rsquo;est le plus beau d\u00e9fil\u00e9 de France. On a tous les corps de l&rsquo;arm\u00e9e qui sont r\u00e9unis. Je m&rsquo;en f\u00e9licite\u00a0\u00bb<\/p>\n<p>    <strong>Patrick <\/strong><br \/>\n        Habitant de Valenciennes (Nord) venu au d\u00e9fil\u00e9    <\/p><\/blockquote>\n<p class=\" wall-content\">Cet orchestre bien articul\u00e9 repose sur une pr\u00e9paration <strong>m\u00e9thodique<\/strong>. Illustration d\u00e8s 7\u00a0heures du matin. Premi\u00e8res \u00e0 d\u00e9barquer par cars, les grandes \u00e9coles de <strong>Polytechnique<\/strong> et de <strong>Saint-Cyr<\/strong> ont montr\u00e9 l\u2019exemple. Les premi\u00e8res ann\u00e9es de l\u2019X, coiff\u00e9es de bicorne et \u00e9quip\u00e9es de l\u2019\u00e9p\u00e9e intitul\u00e9e la \u00ab\u2009tangente\u2009\u00bb, se sont rapidement mises au pas avant de prendre leur quartier jusqu\u2019\u00e0 9\u00a0heures.<\/p>\n<p>    <img   decoding=\"async\" loading=\"lazy\" src=\"https:\/\/www.europesays.com\/fr\/wp-content\/uploads\/2025\/07\/defile-14-juillet-20-960x640.jpg\" alt=\"Trois \u00e9tudiants en premi\u00e8re ann\u00e9es \u00e0 l'\u00e9cole Polytechnique. \" width=\"960\" height=\"640\"\/><br \/>\n    Trois \u00e9tudiants en premi\u00e8re ann\u00e9e \u00e0 l\u2019\u00e9cole Polytechnique. (\u00a9AG\/ actu Paris)<\/p>\n<p class=\" wall-content\">Les futurs officiers sortis de Saint-Cyr ont embo\u00eet\u00e9 le pas de leurs camarades. Certains ont profit\u00e9 du cadre idyllique pour prendre un clich\u00e9 avec d\u2019autres \u00e9l\u00e8ves des prestigieuses <strong>\u00c9cole navale<\/strong> et de <strong>l\u2019Acad\u00e9mie militaire de la Gendarmerie nationale<\/strong>. Mais l\u2019un des clich\u00e9s les plus marquants de la pr\u00e9paration a surgi de l\u2019amont de la plus c\u00e9l\u00e8bre des avenues parisiennes.<\/p>\n<p>Les Indon\u00e9siens et leur hymne guerrier<\/p>\n<p class=\" wall-content\">Les <strong>militaires indon\u00e9siens<\/strong>, dont le pays \u2013 le quatri\u00e8me le plus peupl\u00e9 au monde \u2013 \u00e9tait l\u2019invit\u00e9 d\u2019honneur en 2025, ont honor\u00e9 leur pr\u00e9sence en effectuant <strong>plusieurs chor\u00e9graphies<\/strong> cens\u00e9es stimuler les troupes. 450 soldats ont ouvert le bal du d\u00e9fil\u00e9 en saluant le pr\u00e9sident Prabowo Subianto, pr\u00e9sent aux c\u00f4t\u00e9s d\u2019Emmanuel Macron.<\/p>\n<p class=\" wall-content\">\n<p class=\" wall-content\">Dans les rangs indon\u00e9siens, certains fantassins portaient un <strong>masque<\/strong> repr\u00e9sentant un animal. Ce dernier symbolise l\u2019appartenance \u00e0 l\u2019un des corps d\u2019arm\u00e9e. De quoi susciter l\u2019int\u00e9r\u00eat des spectateurs, positionn\u00e9s \u00e0 quelques m\u00e8tres de la <a href=\"https:\/\/actu.fr\/ile-de-france\/paris_75056\/comment-paris-va-transformer-la-place-de-la-concorde-pour-donner-aux-gens-l-envie-d-y-lezarder_62430016.html\" rel=\"nofollow noopener\" target=\"_blank\">place de la Concorde<\/a>, o\u00f9 \u00e9taient assis les membres du <strong>gouvernement<\/strong> et les <strong>invit\u00e9s d\u2019honneur<\/strong>, dont l\u2019\u00e9mir du Kowe\u00eft, Mechaal al-Ahmad al-Sabah.<\/p>\n<p>    <img   decoding=\"async\" loading=\"lazy\" src=\"https:\/\/www.europesays.com\/fr\/wp-content\/uploads\/2025\/07\/defile-14-juillet-40-960x640.jpg\" alt=\"Avec des chants guerriers, les 450 militaires indon\u00e9siens ont assur\u00e9 le spectacle avant leur repr\u00e9sentation. \" width=\"960\" height=\"640\"\/><br \/>\n    Avec des chants guerriers, les 450 militaires indon\u00e9siens ont assur\u00e9 le spectacle avant leur repr\u00e9sentation. (\u00a9AG\/ actu Paris)<\/p>\n<p class=\" wall-content\">Peu de temps avant leur passage, les Indon\u00e9siens ont pu d\u00e9couvrir la <strong>Patrouille de France<\/strong>. Vers 10\u00a0heures, huit a\u00e9ronefs Alphajet ont laiss\u00e9 une tra\u00een\u00e9e de poudre bleue, blanche et rouge. Il s\u2019agissait du premier d\u00e9fil\u00e9 depuis la <a href=\"https:\/\/actu.fr\/grand-est\/saint-dizier_52448\/un-accident-entre-deux-avions-de-la-patrouille-de-france-s-est-produit-lors-d-un-entrainement_62419433.html\" rel=\"nofollow noopener\" target=\"_blank\">collision en vol<\/a> de deux avions en mars dernier, en Haute-Marne.<\/p>\n<p>    <img   decoding=\"async\" loading=\"lazy\" src=\"https:\/\/www.europesays.com\/fr\/wp-content\/uploads\/2025\/07\/defile-14-juillet-64-960x640.jpg\" alt=\"Les huit avions de la Patrouille de France ont laiss\u00e9 une tra\u00een\u00e9e bleue, blanche et rouge, en ce jour de F\u00eate nationale. \" width=\"960\" height=\"640\"\/><br \/>\n    Les huit avions de la Patrouille de France ont laiss\u00e9 une tra\u00een\u00e9e bleue, blanche et rouge, en ce jour de F\u00eate nationale. (\u00a9AG\/ actu Paris)Les longues barbes de la L\u00e9gion \u00e9trang\u00e8re<\/p>\n<p class=\" wall-content\">Ce ciel tricolore a pr\u00e9c\u00e9d\u00e9 les treize tableaux du <strong>d\u00e9fil\u00e9 a\u00e9rien<\/strong>, compos\u00e9 de 65 avions. Positionn\u00e9s \u00e0 quelques centaines de m\u00e8tres, ces derniers n\u2019ont pas manqu\u00e9 de faire vibrer le sol. Parmi les a\u00e9ronefs, les derniers <a href=\"https:\/\/actu.fr\/occitanie\/auch_32013\/vous-pourrez-voir-un-rafale-dans-le-ciel-du-gers-le-14-juillet-voici-a-quelle-heure_62888883.html\" rel=\"nofollow noopener\" target=\"_blank\">Rafale<\/a> et Mirage. Un ballet saisissant de quelques minutes en accord avec le futur. Alors qu\u2019Emmanuel Macron une rallonge de <strong>6,5\u00a0milliards d\u2019euros<\/strong> du budget du minist\u00e8re de la D\u00e9fense, les investissements dans le domaine a\u00e9rien devraient fortement s\u2019accro\u00eetre d\u2019ici \u00e0 2027.<\/p>\n<p class=\" wall-content\">\n<p class=\" wall-content\">Ce sera \u00e9galement le cas des troupes engag\u00e9es au sol. Au total, plus de 5\u2009600 soldats ont pris part aux festivit\u00e9s. L\u2019occasion de voir une nouvelle unit\u00e9, le <strong>Service d\u2019infrastructure de la d\u00e9fense<\/strong> (SID), qui c\u00e9l\u00e8bre ses vingt ans cette ann\u00e9e, mais aussi la <a href=\"https:\/\/actu.fr\/occitanie\/castelnaudary_11076\/incendie-a-la-legion-etrangere-de-castelnaudary-cest-une-catastrophe-pour-nous_62329201.html\" rel=\"nofollow noopener\" target=\"_blank\">L\u00e9gion \u00e9trang\u00e8re<\/a>. Pr\u00e8s de deux si\u00e8cles apr\u00e8s sa cr\u00e9ation, la troupe compos\u00e9e de sapeurs \u00e0 la hache, aux gants, au tablier et renforc\u00e9s d\u2019une barbe \u00e9paisse, a clos le d\u00e9fil\u00e9 des troupes au sol.<\/p>\n<p>    <img   decoding=\"async\" loading=\"lazy\" src=\"https:\/\/www.europesays.com\/fr\/wp-content\/uploads\/2025\/07\/defile-14-juillet-83-960x640.jpg\" alt=\"Les unit\u00e9s de la L\u00e9gion \u00e9trang\u00e8re. \" width=\"960\" height=\"640\"\/><br \/>\n    Les unit\u00e9s de la L\u00e9gion \u00e9trang\u00e8re. (\u00a9AG\/ actu Paris)<\/p>\n<p class=\" wall-content\">Elle a laiss\u00e9 place aux v\u00e9hicules blind\u00e9s. En tenue de combat, les militaires ont exhib\u00e9 les fameux <strong>chars Leclerc<\/strong>, les canons automoteurs <strong>Caesar<\/strong> ou encore les blind\u00e9s de combat VBCI. Ces derniers sont surmont\u00e9s d\u2019une mitrailleuse de 12,7\u00a0mm et d\u2019un canon de 25\u00a0mm. Onze combattants peuvent monter \u00e0 bord de cet engin capable de circuler jusqu\u2019\u00e0 100\u00a0km\/h.<\/p>\n<p>    <a href=\"https:\/\/email.publihebdos.com\/form?lid=Mqc7o19yVDtMEo2FE8aUtw2\" title=\"Ouvrie le lien\" rel=\"nofollow noopener\" target=\"_blank\">Cliquez ici pour visualiser le contenu<\/a><\/p>\n<p>Le Bleuet de France cl\u00f4t en chanson<\/p>\n<p class=\" wall-content\">Moins impressionnants, les <a href=\"https:\/\/actu.fr\/ile-de-france\/paris_75056\/une-innovation-revolutionnaire-les-pompiers-de-paris-s-equipent-de-nouvelles-lances-a-incendie_62844766.html\" rel=\"nofollow noopener\" target=\"_blank\">v\u00e9hicules<\/a> de la <a href=\"https:\/\/actu.fr\/ile-de-france\/paris_75056\/les-recrutements-des-pompiers-de-paris-revus-a-la-baisse-pour-2025_62015803.html\" rel=\"nofollow noopener\" target=\"_blank\">Brigade des Sapeurs-pompiers de Paris<\/a> (BSPP) ont pourtant recueilli le vote du public. Une mani\u00e8re de rendre hommage aux soldats du feu, alors qu\u2019ils r\u00e9alisent chaque ann\u00e9e des <strong>centaines de milliers d\u2019interventions<\/strong> dans la capitale et les trois d\u00e9partements de la petite couronne.<\/p>\n<p>    <img   decoding=\"async\" loading=\"lazy\" src=\"https:\/\/www.europesays.com\/fr\/wp-content\/uploads\/2025\/07\/defile-14-juillet-92-960x640.jpg\" alt=\"Les camions de la BSPP ont \u00e9t\u00e9 vivement applaudis. \" width=\"960\" height=\"640\"\/><br \/>\n    Les camions de la BSPP ont \u00e9t\u00e9 vivement applaudis. (\u00a9AG\/ actu Paris)<\/p>\n<p class=\" wall-content\">Cette \u00e9dition s\u2019est achev\u00e9e par un hommage au <strong>Bleuet de France<\/strong>. Cette association, qui aide les bless\u00e9s de guerre, a cent ans en 2025. Un anniversaire qui a donn\u00e9 lieu \u00e0 un concert donn\u00e9 par deux anciens gendarmes Yvard et Elo\u00efz. Les deux chanteurs ont repris les paroles du morceau \u00e9labor\u00e9 par Jean-Jacques Goldman On sera l\u00e0.<\/p>\n<p class=\" wall-content\">Suivez toute l\u2019actualit\u00e9 de vos villes et m\u00e9dias favoris en vous inscrivant \u00e0 <a href=\"https:\/\/moncompte.actu.fr\" title=\"D\u00e9couvez Mon Actu\" rel=\"nofollow noopener\" data-trk=\"{&quot;cta&quot;:{&quot;action&quot;:&quot;https:\\\/\\\/moncompte.actu.fr&quot;,&quot;category&quot;:&quot;mon compte&quot;,&quot;from&quot;:&quot;article footer&quot;,&quot;name&quot;:&quot;Mon actu&quot;,&quot;type&quot;:&quot;cta&quot;}}\" target=\"_blank\">Mon Actu<\/a>.<\/p>\n","protected":false},"excerpt":{"rendered":"Par Antoine Grotteria Publi\u00e9 le 14 juil. 2025 \u00e0 16h32 \u00ab\u2009Le 14-Juillet, c\u2019est sur les Champs, il n\u2019y&hellip;\n","protected":false},"author":2,"featured_media":249946,"comment_status":"","ping_status":"","sticky":false,"template":"","format":"standard","meta":{"footnotes":""},"categories":[1888],"tags":[1111,1928,11,1927,1813,6984,1073,1777,674,1011,27,12,1926,626,1925,25,104],"class_list":{"0":"post-249945","1":"post","2":"type-post","3":"status-publish","4":"format-standard","5":"has-post-thumbnail","7":"category-paris","8":"tag-actu","9":"tag-actu-paris","10":"tag-actualites","11":"tag-actualites-paris","12":"tag-armee","13":"tag-champs-elysees","14":"tag-emmanuel-macron","15":"tag-eu","16":"tag-europe","17":"tag-fr","18":"tag-france","19":"tag-news","20":"tag-news-paris","21":"tag-paris","22":"tag-paris-news","23":"tag-republique-francaise","24":"tag-societe"},"share_on_mastodon":{"url":"https:\/\/pubeurope.com\/@fr\/114853046249378760","error":""},"_links":{"self":[{"href":"https:\/\/www.europesays.com\/fr\/wp-json\/wp\/v2\/posts\/249945","targetHints":{"allow":["GET"]}}],"collection":[{"href":"https:\/\/www.europesays.com\/fr\/wp-json\/wp\/v2\/posts"}],"about":[{"href":"https:\/\/www.europesays.com\/fr\/wp-json\/wp\/v2\/types\/post"}],"author":[{"embeddable":true,"href":"https:\/\/www.europesays.com\/fr\/wp-json\/wp\/v2\/users\/2"}],"replies":[{"embeddable":true,"href":"https:\/\/www.europesays.com\/fr\/wp-json\/wp\/v2\/comments?post=249945"}],"version-history":[{"count":0,"href":"https:\/\/www.europesays.com\/fr\/wp-json\/wp\/v2\/posts\/249945\/revisions"}],"wp:featuredmedia":[{"embeddable":true,"href":"https:\/\/www.europesays.com\/fr\/wp-json\/wp\/v2\/media\/249946"}],"wp:attachment":[{"href":"https:\/\/www.europesays.com\/fr\/wp-json\/wp\/v2\/media?parent=249945"}],"wp:term":[{"taxonomy":"category","embeddable":true,"href":"https:\/\/www.europesays.com\/fr\/wp-json\/wp\/v2\/categories?post=249945"},{"taxonomy":"post_tag","embeddable":true,"href":"https:\/\/www.europesays.com\/fr\/wp-json\/wp\/v2\/tags?post=249945"}],"curies":[{"name":"wp","href":"https:\/\/api.w.org\/{rel}","templated":true}]}}