{"id":249949,"date":"2025-07-14T18:40:11","date_gmt":"2025-07-14T18:40:11","guid":{"rendered":"https:\/\/www.europesays.com\/fr\/249949\/"},"modified":"2025-07-14T18:40:11","modified_gmt":"2025-07-14T18:40:11","slug":"paris-pour-attirer-larmee-de-terre-mise-sur-des-jeux-et-des-defis","status":"publish","type":"post","link":"https:\/\/www.europesays.com\/fr\/249949\/","title":{"rendered":"Paris\u00a0: pour attirer, l\u2019arm\u00e9e de terre mise sur des jeux et des d\u00e9fis"},"content":{"rendered":"<p class=\"paragraph text_align_left lp-f-body-02\">Le pr\u00e9sident Emmanuel Macron a insist\u00e9 ces derniers jours sur la n\u00e9cessit\u00e9 de se doter d\u2019une arm\u00e9e puissante face aux menaces ext\u00e9rieures. Et en ce lundi 14 juillet, jour de d\u00e9fil\u00e9, l\u2019arm\u00e9e avait organis\u00e9, \u00e0 l\u2019H\u00f4tel des Invalides, une grande journ\u00e9e de rencontre avec le public.<\/p>\n<p class=\"paragraph text_align_left lp-f-body-02\">L\u2019occasion de tenter de recruter des candidats. Et \u00e0 ce petit jeu de s\u00e9duction, l\u2019arm\u00e9e de terre se d\u00e9marque et multiplie des approches originales. Par <a href=\"https:\/\/www.leparisien.fr\/societe\/des-influenceurs-en-treillis-la-nouvelle-strategie-de-larmee-pour-attirer-les-jeunes-via-les-reseaux-sociaux-13-07-2025-73M7M736E5G2FCKM7L2NQSDMSY.php\" target=\"_self\" rel=\"nofollow noopener\">des influenceurs en treillis<\/a> sur les r\u00e9seaux sociaux, mais aussi des d\u00e9fis sportifs. Cette fois, le parcours du combattant a \u00e9t\u00e9 adapt\u00e9 au public.<\/p>\n<p class=\"paragraph text_align_left lp-f-body-02\">\u00ab C\u2019est une mani\u00e8re ludique de les tester et de les int\u00e9resser \u00bb, indique le chef d\u2019escadron C\u00e9dric. L\u2019an dernier, cette m\u00eame journ\u00e9e de rencontre et de recrutement avait d\u00e9bouch\u00e9 sur 80 rendez-vous dans les centres d\u2019Ile-de-France et une vingtaine de jeunes recrut\u00e9s.<\/p>\n<p class=\"paragraph text_align_left lp-f-body-02\">Mais tous les participants aux jeux et d\u00e9fis sportifs ne sont pas forc\u00e9ment en \u00e2ge de prendre un poste dans l\u2019un des 117 m\u00e9tiers que compte l\u2019arm\u00e9e de terre. \u00ab Pour les plus jeunes, on plante une petite graine. Pour les ados, on a d\u00e9j\u00e0 des parcours et des formations. Et les adultes, qu\u2019ils soient parents en qu\u00eate d\u2019une orientation pour leur enfant ou jeunes candidats, ces activit\u00e9s constituent une bonne entr\u00e9e en mati\u00e8re pour discuter \u00bb, poursuit le chef d\u2019escadron.<\/p>\n<p><img decoding=\"async\" class=\"image \" loading=\"lazy\" src=\"https:\/\/www.europesays.com\/fr\/wp-content\/uploads\/2025\/07\/4HZQ53GDNBAGBH6WQGWQ4BG26I.jpg\" alt=\"L\u00e9onard faite partie des jeunes venus sur le stand de l'arm\u00e9e de terre en ce 14 juillet. LP\/F.L.\" align=\"\" data-rubrique-principale=\"\" data-article-type=\"\" fetchpriority=\"auto\"\/>L\u00e9onard faite partie des jeunes venus sur le stand de l&rsquo;arm\u00e9e de terre en ce 14 juillet. LP\/F.L.<\/p>\n<p class=\"paragraph text_align_left lp-f-body-02\">Le stand avec le parcours du combattant, baptis\u00e9 \u00ab d\u00e9-terre-mination \u00bb, n\u2019a pas d\u00e9sempli de la journ\u00e9e. Au programme, des tractions. \u00ab Il faut rester avec le menton au niveau de la barre pour pouvoir regarder deux images et jouer au jeu des sept erreurs \u00bb, pr\u00e9cise l\u2019un des instructeurs en treillis, motivant les participants.<\/p>\n<p class=\"paragraph text_align_left lp-f-body-02\">Apr\u00e8s un chemin d\u2019agilit\u00e9, des pompes et des flexions, les participants doivent essayer de toucher une cible avec un pistolet laser. \u00ab On leur apprend \u00e0 tenir une arme \u00bb, pr\u00e9cise un autre instructeur.<\/p>\n<p class=\"paragraph text_align_left lp-f-body-02\">Mais pour L\u00e9onard, 15 ans, c\u2019est la comp\u00e9tition avant tout. \u00ab J\u2019ai fini dans les meilleurs temps, savoure cet habitant de Thiais (Val-de-Marne). L\u00e0, j\u2019entre en seconde, mais dans quelques ann\u00e9es, m\u2019engager pourrait m\u2019int\u00e9resser. \u00bb<\/p>\n<p class=\"paragraph text_align_left lp-f-body-02\">Roberta, 7 ans, et Jesse, 10 ans, ont pour leur part surtout envie de gagner des cadeaux. Et une m\u00e9daille de fabrication-maison est offerte \u00e0 tous. \u00ab On avait d\u00e9couvert cette journ\u00e9e sp\u00e9ciale l\u2019an dernier et on \u00e9tait revenu avec plein de petites choses \u00bb, rigole Jesse. \u00ab Mais pas s\u00fbr que je fasse la guerre quand je serai plus grande, parce que j\u2019ai d\u00e9j\u00e0 pr\u00e9vu de faire trois m\u00e9tiers \u00bb, poursuit sa s\u0153ur qui se verrait bien dans le domaine m\u00e9dical.<\/p>\n<p><img decoding=\"async\" class=\"image \" loading=\"lazy\" src=\"https:\/\/www.europesays.com\/fr\/wp-content\/uploads\/2025\/07\/QNQPJZAOQRCQHK7HI7KZDHLJ4M.jpg\" alt=\"Jesse avoue avoir \u00e9t\u00e9 s\u00e9duit pas le discours de l'arm\u00e9e. LP\/F.L.\" align=\"\" data-rubrique-principale=\"\" data-article-type=\"\" fetchpriority=\"auto\"\/>Jesse avoue avoir \u00e9t\u00e9 s\u00e9duit pas le discours de l&rsquo;arm\u00e9e. LP\/F.L.<\/p>\n<p class=\"paragraph text_align_left lp-f-body-02\">\u00ab On a des postes dans ce secteur-l\u00e0. Dans l\u2019arm\u00e9e, on peut aussi \u00eatre comptable, financier, ing\u00e9nieur, tente d\u2019amadouer le chef d\u2019escadron C\u00e9dric. Mais ce qui nous fait d\u00e9faut, ce sont surtout les m\u00e9tiers de maintenance et de cybers\u00e9curit\u00e9, car nous sommes en concurrence avec les entreprises priv\u00e9es. Et l\u2019arm\u00e9e, servir son pays, \u00e7a reste un r\u00e9el engagement. \u00bb<\/p>\n<p class=\"paragraph text_align_left lp-f-body-02\">\u00ab \u00c7a me plairait de travailler avec eux. Il y a plein de choses int\u00e9ressantes \u00e0 faire et \u00e0 voir \u00bb, glisse Jesse, quelque peu s\u00e9duit.<\/p>\n","protected":false},"excerpt":{"rendered":"Le pr\u00e9sident Emmanuel Macron a insist\u00e9 ces derniers jours sur la n\u00e9cessit\u00e9 de se doter d\u2019une arm\u00e9e puissante&hellip;\n","protected":false},"author":2,"featured_media":249950,"comment_status":"","ping_status":"","sticky":false,"template":"","format":"standard","meta":{"footnotes":""},"categories":[1888],"tags":[11,1777,674,1011,27,1944,12,626,25],"class_list":{"0":"post-249949","1":"post","2":"type-post","3":"status-publish","4":"format-standard","5":"has-post-thumbnail","7":"category-paris","8":"tag-actualites","9":"tag-eu","10":"tag-europe","11":"tag-fr","12":"tag-france","13":"tag-ma-ville","14":"tag-news","15":"tag-paris","16":"tag-republique-francaise"},"share_on_mastodon":{"url":"https:\/\/pubeurope.com\/@fr\/114853054023610733","error":""},"_links":{"self":[{"href":"https:\/\/www.europesays.com\/fr\/wp-json\/wp\/v2\/posts\/249949","targetHints":{"allow":["GET"]}}],"collection":[{"href":"https:\/\/www.europesays.com\/fr\/wp-json\/wp\/v2\/posts"}],"about":[{"href":"https:\/\/www.europesays.com\/fr\/wp-json\/wp\/v2\/types\/post"}],"author":[{"embeddable":true,"href":"https:\/\/www.europesays.com\/fr\/wp-json\/wp\/v2\/users\/2"}],"replies":[{"embeddable":true,"href":"https:\/\/www.europesays.com\/fr\/wp-json\/wp\/v2\/comments?post=249949"}],"version-history":[{"count":0,"href":"https:\/\/www.europesays.com\/fr\/wp-json\/wp\/v2\/posts\/249949\/revisions"}],"wp:featuredmedia":[{"embeddable":true,"href":"https:\/\/www.europesays.com\/fr\/wp-json\/wp\/v2\/media\/249950"}],"wp:attachment":[{"href":"https:\/\/www.europesays.com\/fr\/wp-json\/wp\/v2\/media?parent=249949"}],"wp:term":[{"taxonomy":"category","embeddable":true,"href":"https:\/\/www.europesays.com\/fr\/wp-json\/wp\/v2\/categories?post=249949"},{"taxonomy":"post_tag","embeddable":true,"href":"https:\/\/www.europesays.com\/fr\/wp-json\/wp\/v2\/tags?post=249949"}],"curies":[{"name":"wp","href":"https:\/\/api.w.org\/{rel}","templated":true}]}}