{"id":249951,"date":"2025-07-14T18:41:18","date_gmt":"2025-07-14T18:41:18","guid":{"rendered":"https:\/\/www.europesays.com\/fr\/249951\/"},"modified":"2025-07-14T18:41:18","modified_gmt":"2025-07-14T18:41:18","slug":"on-a-vecu-le-defile-du-14-juillet-a-paris-avec-la-legion","status":"publish","type":"post","link":"https:\/\/www.europesays.com\/fr\/249951\/","title":{"rendered":"On a v\u00e9cu le d\u00e9fil\u00e9 du 14-Juillet \u00e0 Paris avec la L\u00e9gion"},"content":{"rendered":"<p>Le propre d\u2019un \u00e9v\u00e9nement, c\u2019est d\u2019\u00eatre exceptionnel. Le d\u00e9fil\u00e9 du 14-Juillet le demeurera toujours pour les pionniers et les hommes de la Musique de la L\u00e9gion \u00e9trang\u00e8re. Fid\u00e8les des Champs-\u00c9lys\u00e9es, ceux-ci ne risquent pas de se lasser.<\/p>\n<p>Membre de la formation musicale, le caporal Owen l\u2019a v\u00e9cu \u00e0 cinq reprises, mais cette avenue lui a encore donn\u00e9 des frissons, ce lundi.<\/p>\n","protected":false},"excerpt":{"rendered":"Le propre d\u2019un \u00e9v\u00e9nement, c\u2019est d\u2019\u00eatre exceptionnel. Le d\u00e9fil\u00e9 du 14-Juillet le demeurera toujours pour les pionniers et&hellip;\n","protected":false},"author":2,"featured_media":249952,"comment_status":"","ping_status":"","sticky":false,"template":"","format":"standard","meta":{"footnotes":""},"categories":[1888],"tags":[10915,17,11,3396,16694,1777,674,1011,27,17284,12,626,16,25,6038],"class_list":{"0":"post-249951","1":"post","2":"type-post","3":"status-publish","4":"format-standard","5":"has-post-thumbnail","7":"category-paris","8":"tag-14-juillet","9":"tag-17","10":"tag-actualites","11":"tag-avec","12":"tag-defile","13":"tag-eu","14":"tag-europe","15":"tag-fr","16":"tag-france","17":"tag-legion","18":"tag-news","19":"tag-paris","20":"tag-region","21":"tag-republique-francaise","22":"tag-vecu"},"share_on_mastodon":{"url":"https:\/\/pubeurope.com\/@fr\/114853057963743195","error":""},"_links":{"self":[{"href":"https:\/\/www.europesays.com\/fr\/wp-json\/wp\/v2\/posts\/249951","targetHints":{"allow":["GET"]}}],"collection":[{"href":"https:\/\/www.europesays.com\/fr\/wp-json\/wp\/v2\/posts"}],"about":[{"href":"https:\/\/www.europesays.com\/fr\/wp-json\/wp\/v2\/types\/post"}],"author":[{"embeddable":true,"href":"https:\/\/www.europesays.com\/fr\/wp-json\/wp\/v2\/users\/2"}],"replies":[{"embeddable":true,"href":"https:\/\/www.europesays.com\/fr\/wp-json\/wp\/v2\/comments?post=249951"}],"version-history":[{"count":0,"href":"https:\/\/www.europesays.com\/fr\/wp-json\/wp\/v2\/posts\/249951\/revisions"}],"wp:featuredmedia":[{"embeddable":true,"href":"https:\/\/www.europesays.com\/fr\/wp-json\/wp\/v2\/media\/249952"}],"wp:attachment":[{"href":"https:\/\/www.europesays.com\/fr\/wp-json\/wp\/v2\/media?parent=249951"}],"wp:term":[{"taxonomy":"category","embeddable":true,"href":"https:\/\/www.europesays.com\/fr\/wp-json\/wp\/v2\/categories?post=249951"},{"taxonomy":"post_tag","embeddable":true,"href":"https:\/\/www.europesays.com\/fr\/wp-json\/wp\/v2\/tags?post=249951"}],"curies":[{"name":"wp","href":"https:\/\/api.w.org\/{rel}","templated":true}]}}