{"id":249959,"date":"2025-07-14T18:45:11","date_gmt":"2025-07-14T18:45:11","guid":{"rendered":"https:\/\/www.europesays.com\/fr\/249959\/"},"modified":"2025-07-14T18:45:11","modified_gmt":"2025-07-14T18:45:11","slug":"royaume-uni-une-aristocrate-et-son-compagnon-reconnus-coupables-de-la-mort-de-leur-bebe","status":"publish","type":"post","link":"https:\/\/www.europesays.com\/fr\/249959\/","title":{"rendered":"Royaume-Uni. Une aristocrate et son compagnon reconnus coupables de la mort de leur b\u00e9b\u00e9"},"content":{"rendered":"<p>Une Britannique issue d&rsquo;une famille aristocratique et son compagnon, condamn\u00e9 dans le pass\u00e9 pour viol, ont \u00e9t\u00e9 jug\u00e9s coupables ce lundi de la mort de leur b\u00e9b\u00e9 qu&rsquo;ils tentaient de soustraire aux services sociaux.<\/p>\n<p>Il y a un an, les jur\u00e9s n&rsquo;\u00e9taient pas parvenus \u00e0 s&rsquo;entendre apr\u00e8s 72 heures de d\u00e9lib\u00e9rations sur le r\u00f4le jou\u00e9 par cette h\u00e9riti\u00e8re d&rsquo;une famille historiquement proche de la famille royale, \u00e2g\u00e9e de 38 ans, et son compagnon Mark Gordon, 51 ans, dans la mort de leur fille Victoria.<\/p>\n<p>Quatre autres enfants dont ils n&rsquo;ont plus la garde<\/p>\n<p>\u00c0 l&rsquo;issue d&rsquo;un nouveau proc\u00e8s devant la cour criminelle de l&rsquo;Old Bailey \u00e0 Londres, un jury les a reconnus coupables \u00e0 l&rsquo;unanimit\u00e9 d&rsquo;homicide involontaire. Ils avaient d\u00e9j\u00e0 \u00e9t\u00e9 condamn\u00e9s, \u00e0 l&rsquo;issue du premier proc\u00e8s, pour cruaut\u00e9 infantile et pour avoir dissimul\u00e9 la naissance d&rsquo;un enfant. Tous deux ont \u00e9t\u00e9 maintenus en d\u00e9tention et seront fix\u00e9s sur leur peine le 15 septembre.<\/p>\n<p>En janvier 2023, la cavale de cette jeune femme et de son compagnon, qui avait auparavant purg\u00e9 une peine de 20 ans de prison pour viol aux \u00c9tats-Unis, avait fait la Une des m\u00e9dias britanniques.<\/p>\n<p>Le couple vivait marginalis\u00e9<\/p>\n<p>Comme l&rsquo;avait racont\u00e9 Constance Marten au tribunal, le couple, qui vivait dans la marginalit\u00e9, avait tent\u00e9 de cacher la naissance de leur fille Victoria apr\u00e8s s&rsquo;\u00eatre vu retirer la garde de leurs quatre autres enfants par les services sociaux. La d\u00e9couverte d&rsquo;un placenta dans leur voiture abandonn\u00e9e sur le bord d&rsquo;une autoroute pr\u00e8s de Manchester, avait conduit la police \u00e0 lancer un avis de recherche dans tout le pays.\u00a0<\/p>\n<p>Apr\u00e8s des semaines d&rsquo;une fuite \u00e9perdue, dormant dans des h\u00f4tels, dans une tente en plein hiver, et d\u00e9pensant des centaines de livres pour se d\u00e9placer en taxi\u00a0\u00e0 travers le pays, le couple avait finalement \u00e9t\u00e9 arr\u00eat\u00e9 le 27 f\u00e9vrier 2023 \u00e0 Brighton, dans le sud de l&rsquo;Angleterre.<\/p>\n<p>Le p\u00e8re au pass\u00e9 violent<\/p>\n<p>Le corps de la petite Victoria, \u00e2g\u00e9e de seulement quelques jours, avait \u00e9t\u00e9 retrouv\u00e9 le 1er mars dans un sac de supermarch\u00e9 abandonn\u00e9 dans un hangar. L&rsquo;autopsie n&rsquo;a pas pu d\u00e9terminer les causes exactes de la mort du b\u00e9b\u00e9. L&rsquo;accusation a estim\u00e9 qu&rsquo;elle \u00e9tait soit morte d&rsquo;hypothermie, soit que sa m\u00e8re l&rsquo;avait \u00e9touff\u00e9e en s&rsquo;endormant sur elle.\u00a0 C&rsquo;est cette th\u00e8se de l&rsquo;accident que le couple a toujours d\u00e9fendu, affirmant que leur fille n&rsquo;avait pas \u00e9t\u00e9 victime d&rsquo;actes de cruaut\u00e9. Contrairement \u00e0 leur premier proc\u00e8s en 2024, les jur\u00e9s avaient cette fois \u00e9t\u00e9 partiellement inform\u00e9s du pass\u00e9 violent de Mark Gordon.<\/p>\n<p>Outre sa condamnation pour viol en 1989 \u00e0 l&rsquo;\u00e2ge de 14 ans, il a \u00e9t\u00e9 reconnu coupable de l&rsquo;agression de deux polici\u00e8res dans une maternit\u00e9 galloise en 2017, et soup\u00e7onn\u00e9 de violences conjugales sur Constance Marten, lui causant notamment une rupture de la rate alors qu&rsquo;elle \u00e9tait enceinte.<\/p>\n","protected":false},"excerpt":{"rendered":"Une Britannique issue d&rsquo;une famille aristocratique et son compagnon, condamn\u00e9 dans le pass\u00e9 pour viol, ont \u00e9t\u00e9 jug\u00e9s&hellip;\n","protected":false},"author":2,"featured_media":249960,"comment_status":"","ping_status":"","sticky":false,"template":"","format":"standard","meta":{"footnotes":""},"categories":[1588],"tags":[11,271,272,1777,674,274,107,329,12,473,1853,1851,1850,1852],"class_list":{"0":"post-249959","1":"post","2":"type-post","3":"status-publish","4":"format-standard","5":"has-post-thumbnail","7":"category-royaume-uni","8":"tag-actualites","9":"tag-crime","10":"tag-delit-et-contravention","11":"tag-eu","12":"tag-europe","13":"tag-faits-divers-justice","14":"tag-fil-info","15":"tag-france-monde","16":"tag-news","17":"tag-royaume-uni","18":"tag-royaume-uni-de-grande-bretagne-et-dirlande-du-nord","19":"tag-uk","20":"tag-united-kingdom","21":"tag-united-kingdom-of-great-britain-and-northern-ireland"},"share_on_mastodon":{"url":"https:\/\/pubeurope.com\/@fr\/114853073593525921","error":""},"_links":{"self":[{"href":"https:\/\/www.europesays.com\/fr\/wp-json\/wp\/v2\/posts\/249959","targetHints":{"allow":["GET"]}}],"collection":[{"href":"https:\/\/www.europesays.com\/fr\/wp-json\/wp\/v2\/posts"}],"about":[{"href":"https:\/\/www.europesays.com\/fr\/wp-json\/wp\/v2\/types\/post"}],"author":[{"embeddable":true,"href":"https:\/\/www.europesays.com\/fr\/wp-json\/wp\/v2\/users\/2"}],"replies":[{"embeddable":true,"href":"https:\/\/www.europesays.com\/fr\/wp-json\/wp\/v2\/comments?post=249959"}],"version-history":[{"count":0,"href":"https:\/\/www.europesays.com\/fr\/wp-json\/wp\/v2\/posts\/249959\/revisions"}],"wp:featuredmedia":[{"embeddable":true,"href":"https:\/\/www.europesays.com\/fr\/wp-json\/wp\/v2\/media\/249960"}],"wp:attachment":[{"href":"https:\/\/www.europesays.com\/fr\/wp-json\/wp\/v2\/media?parent=249959"}],"wp:term":[{"taxonomy":"category","embeddable":true,"href":"https:\/\/www.europesays.com\/fr\/wp-json\/wp\/v2\/categories?post=249959"},{"taxonomy":"post_tag","embeddable":true,"href":"https:\/\/www.europesays.com\/fr\/wp-json\/wp\/v2\/tags?post=249959"}],"curies":[{"name":"wp","href":"https:\/\/api.w.org\/{rel}","templated":true}]}}