{"id":249961,"date":"2025-07-14T18:46:11","date_gmt":"2025-07-14T18:46:11","guid":{"rendered":"https:\/\/www.europesays.com\/fr\/249961\/"},"modified":"2025-07-14T18:46:11","modified_gmt":"2025-07-14T18:46:11","slug":"michael-muller-ancien-depute-allemand-il-faut-arreter-la-course-insensee-a-la-guerre","status":"publish","type":"post","link":"https:\/\/www.europesays.com\/fr\/249961\/","title":{"rendered":"Michael M\u00fcller, ancien d\u00e9put\u00e9 allemand : \u00ab\u00a0Il faut arr\u00eater la course insens\u00e9e \u00e0 la guerre\u00a0\u00bb"},"content":{"rendered":"<p>Le manifeste \u00e9labor\u00e9 par Michael M\u00fcller et d\u2019autres dirigeants de premier\u00a0plan du SPD fait sensation outre-Rhin. Ce texte prend l\u2019exact contrepied de la politique de surarmement d\u00e9cid\u00e9e par la coalition CDU-SPD du <a href=\"https:\/\/www.humanite.fr\/monde\/allemagne\/en-allemagne-nouveau-couac-retentissant-pour-le-gouvernement-merz\" target=\"_blank\" rel=\"noopener\">chancelier Merz.<\/a><\/p>\n<p>Illustration du r\u00e9veil du mouvement pacifiste allemand, cette initiative constitue un point d\u2019appui consid\u00e9rable pour les militants de la paix de l\u2019Europe, qui entendent emp\u00eacher la poursuite de la course \u00e0 l\u2019ab\u00eeme nourrie par le choc en Ukraine des imp\u00e9rialismes russe mais aussi \u00ab\u00a0occidental\u00a0\u00bb,<a href=\"https:\/\/www.humanite.fr\/monde\/donald-trump\/sommet-de-lotan-tout-comprendre-a-la-hausse-historique-des-budgets-militaires-des-membres-de-lalliance\" target=\"_blank\" rel=\"noopener\"> orchestr\u00e9 par Washington et l\u2019Otan.<\/a><\/p>\n<p>Ancien secr\u00e9taire d\u2019\u00c9tat \u00e0 l\u2019environnement entre 2005 et 2009, dirigeant de la f\u00e9d\u00e9ration de la protection de la nature, Michael M\u00fcller fut plusieurs d\u00e9cennies durant d\u00e9put\u00e9 au Bundestag.<\/p>\n<p class=\"wp-block-huma-question\">Le&#8230;<\/p>\n","protected":false},"excerpt":{"rendered":"Le manifeste \u00e9labor\u00e9 par Michael M\u00fcller et d\u2019autres dirigeants de premier\u00a0plan du SPD fait sensation outre-Rhin. Ce texte&hellip;\n","protected":false},"author":2,"featured_media":249962,"comment_status":"","ping_status":"","sticky":false,"template":"","format":"standard","meta":{"footnotes":""},"categories":[1587],"tags":[11,672,1804,1805,1803,39026,1777,674,1801,39028,12,136,1802,39027],"class_list":{"0":"post-249961","1":"post","2":"type-post","3":"status-publish","4":"format-standard","5":"has-post-thumbnail","7":"category-allemagne","8":"tag-actualites","9":"tag-allemagne","10":"tag-bundesrepublik-deutschland","11":"tag-de","12":"tag-deutschland","13":"tag-du00e9penses-militaires","14":"tag-eu","15":"tag-europe","16":"tag-germany","17":"tag-mouvement-de-la-paix","18":"tag-news","19":"tag-otan","20":"tag-republique-federale-dallemagne","21":"tag-u00e9conomie-de-guerre"},"share_on_mastodon":{"url":"https:\/\/pubeurope.com\/@fr\/114853077531054615","error":""},"_links":{"self":[{"href":"https:\/\/www.europesays.com\/fr\/wp-json\/wp\/v2\/posts\/249961","targetHints":{"allow":["GET"]}}],"collection":[{"href":"https:\/\/www.europesays.com\/fr\/wp-json\/wp\/v2\/posts"}],"about":[{"href":"https:\/\/www.europesays.com\/fr\/wp-json\/wp\/v2\/types\/post"}],"author":[{"embeddable":true,"href":"https:\/\/www.europesays.com\/fr\/wp-json\/wp\/v2\/users\/2"}],"replies":[{"embeddable":true,"href":"https:\/\/www.europesays.com\/fr\/wp-json\/wp\/v2\/comments?post=249961"}],"version-history":[{"count":0,"href":"https:\/\/www.europesays.com\/fr\/wp-json\/wp\/v2\/posts\/249961\/revisions"}],"wp:featuredmedia":[{"embeddable":true,"href":"https:\/\/www.europesays.com\/fr\/wp-json\/wp\/v2\/media\/249962"}],"wp:attachment":[{"href":"https:\/\/www.europesays.com\/fr\/wp-json\/wp\/v2\/media?parent=249961"}],"wp:term":[{"taxonomy":"category","embeddable":true,"href":"https:\/\/www.europesays.com\/fr\/wp-json\/wp\/v2\/categories?post=249961"},{"taxonomy":"post_tag","embeddable":true,"href":"https:\/\/www.europesays.com\/fr\/wp-json\/wp\/v2\/tags?post=249961"}],"curies":[{"name":"wp","href":"https:\/\/api.w.org\/{rel}","templated":true}]}}