{"id":249963,"date":"2025-07-14T18:47:12","date_gmt":"2025-07-14T18:47:12","guid":{"rendered":"https:\/\/www.europesays.com\/fr\/249963\/"},"modified":"2025-07-14T18:47:12","modified_gmt":"2025-07-14T18:47:12","slug":"cinq-pays-europeens-dont-la-france-vont-tester-une-application-de-verification-de-lage-en-ligne-2","status":"publish","type":"post","link":"https:\/\/www.europesays.com\/fr\/249963\/","title":{"rendered":"Cinq pays europ\u00e9ens, dont la France, vont tester une application de v\u00e9rification de l&rsquo;\u00e2ge en ligne"},"content":{"rendered":"<p>Les cinq premiers pays \u00e0 franchir le pas &#8211; la France, le Danemark, la Gr\u00e8ce, l\u2019Italie et l\u2019Espagne &#8211; pourront utiliser ce prototype europ\u00e9en. Chaque \u00c9tat membre pourra l\u2019ajuster en fonction de ses propres r\u00e8gles.<\/p>\n<p class=\"fig-paragraph\">Cinq pays europ\u00e9ens, dont la France, vont tester une application permettant de\u00a0<a href=\"http:\/\/www.lefigaro.fr\/medias\/reseaux-sociaux-meta-en-pleine-campagne-pour-forcer-google-et-apple-a-verifier-l-age-de-ses-utilisateurs-20250422\" data-fig-type=\"Article\" data-gtm-custom-categorie=\"navigation\" data-gtm-custom-action=\"crossclick\" data-gtm-custom-label=\"Contextuel\" data-gtm-event=\"customEventSPE\" data-fig-domain=\"LEFIGARO\" rel=\"nofollow noopener\" target=\"_blank\">v\u00e9rifier l\u2019\u00e2ge des utilisateurs en ligne<\/a>\u00a0et d\u2019emp\u00eacher les enfants d\u2019acc\u00e9der \u00e0 des contenus dangereux, a annonc\u00e9 lundi la Commission europ\u00e9enne. \u00abCe dispositif permettra aux utilisateurs de prouver facilement qu\u2019ils ont plus de 18 ans, ce qui prot\u00e9gera les enfants des contenus inappropri\u00e9s\u00bb, a expliqu\u00e9 Henna Virkkunen, commissaire europ\u00e9enne responsable des questions technologiques. Tr\u00e8s concr\u00e8tement, il s\u2019agit d\u2019un prototype europ\u00e9en que chaque \u00c9tat membre pourra ajuster en fonction de ses propres r\u00e8gles\u00a0: par exemple selon qu\u2019une interdiction est en vigueur sur internet pour les enfants de 12, 13 ou 15 ans etc.<\/p>\n<p class=\"fig-paragraph\">Les cinq premiers pays \u00e0 franchir le pas sont la France, le Danemark, la Gr\u00e8ce, l\u2019Italie et l\u2019Espagne. Cette proposition \u00e9tait particuli\u00e8rement pouss\u00e9e par la France, la ministre charg\u00e9e du Num\u00e9rique, Clara Chappaz, d\u00e9fendant une v\u00e9rification de l\u2019\u00e2ge \u00abau niveau europ\u00e9en\u00bb pour acc\u00e9der aux r\u00e9seaux sociaux. D\u00e9but juin, le pr\u00e9sident fran\u00e7ais Emmanuel Macron s\u2019est engag\u00e9 \u00e0 interdire les r\u00e9seaux sociaux aux moins de 15 ans en France si, \u00abd\u2019ici quelques mois\u00bb, cela ne se faisait pas au niveau europ\u00e9en.<\/p>\n<p>                                    <a class=\"fig-a11y-skip a11y-hidden\" href=\"#fig-a11y-skip-main-inarticle\"><br \/>\n        Passer la publicit\u00e9<br \/>\n    <\/a><\/p>\n<p>\u00abLes plateformes n\u2019ont aucune excuse\u00bb<\/p>\n<p class=\"fig-paragraph\">L\u2019Union europ\u00e9enne dispose d\u2019un arsenal l\u00e9gislatif parmi les plus stricts au monde pour encadrer les g\u00e9ants du num\u00e9rique. Mais les appels \u00e0 aller plus loin se multiplient parmi les Vingt-Sept, alors que des \u00e9tudes d\u00e9montrent les effets n\u00e9gatifs des r\u00e9seaux sociaux sur la sant\u00e9 mentale et physique des jeunes. Lundi, la Commission europ\u00e9enne a \u00e9galement publi\u00e9 des recommandations \u00e0 l\u2019attention des r\u00e9seaux sociaux pour les jeunes, pour permettre par exemple aux mineurs de bloquer plus facilement des utilisateurs.<\/p>\n<p class=\"fig-paragraph\">Ces mesures incluent \u00e9galement la suppression de fonctionnalit\u00e9s potentiellement addictives comme les \u00abcoches\u00bb, qui indiquent qu\u2019un message a \u00e9t\u00e9 lu et peuvent pousser \u00e0 attendre fr\u00e9n\u00e9tiquement une r\u00e9ponse. \u00abIl est primordial de veiller \u00e0 ce que nos enfants et nos jeunes soient en s\u00e9curit\u00e9 en ligne\u00bb, a d\u00e9clar\u00e9 la commissaire Henna Virkkunen. \u00abLes plateformes n\u2019ont aucune excuse pour poursuivre des pratiques qui mettent les enfants en danger\u00bb, a-t-elle estim\u00e9.<\/p>\n<p class=\"fig-paragraph\">Bruxelles m\u00e8ne actuellement des enqu\u00eates sur les r\u00e9seaux sociaux Facebook et Instagram du groupe am\u00e9ricain Meta, ainsi que sur TikTok, dans le cadre de son nouveau R\u00e8glement sur les services num\u00e9riques (DSA). Ces plateformes sont soup\u00e7onn\u00e9es de ne pas suffisamment prot\u00e9ger les enfants des contenus nuisibles. Fin mai, la Commission a \u00e9galement ouvert une enqu\u00eate sur quatre sites pornographiques (Pornhub, Stripchat, XNXX, et XVideos) soup\u00e7onn\u00e9s de ne pas emp\u00eacher l\u2019acc\u00e8s des enfants aux contenus pour adultes.<\/p>\n","protected":false},"excerpt":{"rendered":"Les cinq premiers pays \u00e0 franchir le pas &#8211; la France, le Danemark, la Gr\u00e8ce, l\u2019Italie et l\u2019Espagne&hellip;\n","protected":false},"author":2,"featured_media":249964,"comment_status":"","ping_status":"","sticky":false,"template":"","format":"standard","meta":{"footnotes":""},"categories":[1586],"tags":[11,2196,1777,674,1011,27,12,4125,25],"class_list":{"0":"post-249963","1":"post","2":"type-post","3":"status-publish","4":"format-standard","5":"has-post-thumbnail","7":"category-europe","8":"tag-actualites","9":"tag-commission-europeenne","10":"tag-eu","11":"tag-europe","12":"tag-fr","13":"tag-france","14":"tag-news","15":"tag-numerique","16":"tag-republique-francaise"},"share_on_mastodon":{"url":"https:\/\/pubeurope.com\/@fr\/114853081534801445","error":""},"_links":{"self":[{"href":"https:\/\/www.europesays.com\/fr\/wp-json\/wp\/v2\/posts\/249963","targetHints":{"allow":["GET"]}}],"collection":[{"href":"https:\/\/www.europesays.com\/fr\/wp-json\/wp\/v2\/posts"}],"about":[{"href":"https:\/\/www.europesays.com\/fr\/wp-json\/wp\/v2\/types\/post"}],"author":[{"embeddable":true,"href":"https:\/\/www.europesays.com\/fr\/wp-json\/wp\/v2\/users\/2"}],"replies":[{"embeddable":true,"href":"https:\/\/www.europesays.com\/fr\/wp-json\/wp\/v2\/comments?post=249963"}],"version-history":[{"count":0,"href":"https:\/\/www.europesays.com\/fr\/wp-json\/wp\/v2\/posts\/249963\/revisions"}],"wp:featuredmedia":[{"embeddable":true,"href":"https:\/\/www.europesays.com\/fr\/wp-json\/wp\/v2\/media\/249964"}],"wp:attachment":[{"href":"https:\/\/www.europesays.com\/fr\/wp-json\/wp\/v2\/media?parent=249963"}],"wp:term":[{"taxonomy":"category","embeddable":true,"href":"https:\/\/www.europesays.com\/fr\/wp-json\/wp\/v2\/categories?post=249963"},{"taxonomy":"post_tag","embeddable":true,"href":"https:\/\/www.europesays.com\/fr\/wp-json\/wp\/v2\/tags?post=249963"}],"curies":[{"name":"wp","href":"https:\/\/api.w.org\/{rel}","templated":true}]}}