{"id":249965,"date":"2025-07-14T18:48:10","date_gmt":"2025-07-14T18:48:10","guid":{"rendered":"https:\/\/www.europesays.com\/fr\/249965\/"},"modified":"2025-07-14T18:48:10","modified_gmt":"2025-07-14T18:48:10","slug":"riposter-ou-ne-plus-exister-telle-est-la-question-pour-lunion-europeenne-liberation","status":"publish","type":"post","link":"https:\/\/www.europesays.com\/fr\/249965\/","title":{"rendered":"riposter ou ne plus exister, telle est la question pour l\u2019Union europ\u00e9enne \u2013 Lib\u00e9ration"},"content":{"rendered":"<p class=\"sc-ksZaOG ehjQrN text-element\">En pleines n\u00e9gociations de paix (commerciale), Donald Trump a brutalement tabass\u00e9 l\u2019Union europ\u00e9enne (UE). Son plus vieil alli\u00e9 et premier partenaire commercial n\u2019est pas encore KO, mais il encaisse les coups dans un coin du ring, incapable de riposter. Pour l\u2019instant. Dans une lettre dat\u00e9e de vendredi, le pr\u00e9sident am\u00e9ricain annonce <a href=\"https:\/\/www.liberation.fr\/international\/europe\/droits-de-douane-contre-lue-le-commerce-exterieur-une-scene-mondiale-pour-le-show-autocratique-de-trump-20250712_FLPFDGP5M5F4TMTQIDYH22VHYI\/\" target=\"_blank\" rel=\"nofollow noopener\" title=\"https:\/\/www.liberation.fr\/international\/europe\/droits-de-douane-contre-lue-le-commerce-exterieur-une-scene-mondiale-pour-le-show-autocratique-de-trump-20250712_FLPFDGP5M5F4TMTQIDYH22VHYI\/\">la quasi-fermeture de son march\u00e9<\/a> aux importations europ\u00e9ennes, comme l\u2019a reconnu lundi Maros Sefcovic, le commissaire europ\u00e9en charg\u00e9 du Commerce.<\/p>\n<p class=\"sc-ksZaOG ehjQrN text-element\">Le 2 avril, jour qu\u2019il a surnomm\u00e9, avec son vocabulaire de h\u00e9ros de Marvel, <a href=\"https:\/\/www.liberation.fr\/international\/amerique\/droits-de-douane-de-donald-trump-londe-de-choc-mondiale-20250403_JL5WPX3UMFCARBD2XAKZB6PUZM\/\" target=\"_blank\" rel=\"nofollow noopener\" title=\"https:\/\/www.liberation.fr\/international\/amerique\/droits-de-douane-de-donald-trump-londe-de-choc-mondiale-20250403_JL5WPX3UMFCARBD2XAKZB6PUZM\/\">\u00abLiberation Day\u00bb,<\/a> il avait menac\u00e9 l\u2019UE de droits de douane de 20 %, ramen\u00e9s temporairement \u00e0 10 % (contre 2,5 % en moyenne avant cette date) mais cette fois, faute d\u2019accord commercial,<\/p>\n","protected":false},"excerpt":{"rendered":"En pleines n\u00e9gociations de paix (commerciale), Donald Trump a brutalement tabass\u00e9 l\u2019Union europ\u00e9enne (UE). Son plus vieil alli\u00e9&hellip;\n","protected":false},"author":2,"featured_media":249966,"comment_status":"","ping_status":"","sticky":false,"template":"","format":"standard","meta":{"footnotes":""},"categories":[1586],"tags":[11,75,1777,674,1779,1011,27,1074,12,25,1778,364,2544],"class_list":{"0":"post-249965","1":"post","2":"type-post","3":"status-publish","4":"format-standard","5":"has-post-thumbnail","7":"category-europe","8":"tag-actualites","9":"tag-donald-trump","10":"tag-eu","11":"tag-europe","12":"tag-european-union","13":"tag-fr","14":"tag-france","15":"tag-guerre-commerciale","16":"tag-news","17":"tag-republique-francaise","18":"tag-ue","19":"tag-union-europeenne","20":"tag-ursula-von-der-leyen"},"share_on_mastodon":{"url":"https:\/\/pubeurope.com\/@fr\/114853085393556005","error":""},"_links":{"self":[{"href":"https:\/\/www.europesays.com\/fr\/wp-json\/wp\/v2\/posts\/249965","targetHints":{"allow":["GET"]}}],"collection":[{"href":"https:\/\/www.europesays.com\/fr\/wp-json\/wp\/v2\/posts"}],"about":[{"href":"https:\/\/www.europesays.com\/fr\/wp-json\/wp\/v2\/types\/post"}],"author":[{"embeddable":true,"href":"https:\/\/www.europesays.com\/fr\/wp-json\/wp\/v2\/users\/2"}],"replies":[{"embeddable":true,"href":"https:\/\/www.europesays.com\/fr\/wp-json\/wp\/v2\/comments?post=249965"}],"version-history":[{"count":0,"href":"https:\/\/www.europesays.com\/fr\/wp-json\/wp\/v2\/posts\/249965\/revisions"}],"wp:featuredmedia":[{"embeddable":true,"href":"https:\/\/www.europesays.com\/fr\/wp-json\/wp\/v2\/media\/249966"}],"wp:attachment":[{"href":"https:\/\/www.europesays.com\/fr\/wp-json\/wp\/v2\/media?parent=249965"}],"wp:term":[{"taxonomy":"category","embeddable":true,"href":"https:\/\/www.europesays.com\/fr\/wp-json\/wp\/v2\/categories?post=249965"},{"taxonomy":"post_tag","embeddable":true,"href":"https:\/\/www.europesays.com\/fr\/wp-json\/wp\/v2\/tags?post=249965"}],"curies":[{"name":"wp","href":"https:\/\/api.w.org\/{rel}","templated":true}]}}