{"id":249973,"date":"2025-07-14T18:52:14","date_gmt":"2025-07-14T18:52:14","guid":{"rendered":"https:\/\/www.europesays.com\/fr\/249973\/"},"modified":"2025-07-14T18:52:14","modified_gmt":"2025-07-14T18:52:14","slug":"lopen-britannique-sans-doute-tres-pluvieux","status":"publish","type":"post","link":"https:\/\/www.europesays.com\/fr\/249973\/","title":{"rendered":"L&rsquo;Open britannique sans doute tr\u00e8s pluvieux !"},"content":{"rendered":"<p>\t\t\t\t\t\t<img width=\"770\" height=\"559\" src=\"https:\/\/www.europesays.com\/fr\/wp-content\/uploads\/2025\/07\/the-153rd-open-previews-royal-portrush-scenic-views_largeimage_m328648-770x559.jpg\" class=\"img-responsive wp-post-image\" alt=\"\" decoding=\"async\" fetchpriority=\"high\"  \/>\t\t\t\t\t<\/p>\n<p>\t\t\t\t\t\t Partager cet article <\/p>\n<p class=\"screen-reader-text juiz_sps_maybe_hidden_text\">Partager la publication \u00ab\u00a0L\u2019Open britannique sans doute tr\u00e8s pluvieux !\u00a0\u00bb<\/p>\n<p><strong>La m\u00e9t\u00e9o pour le 153e Open britannique s\u2019annonce tr\u00e8s pluvieuse. Le vent, en revanche, devrait \u00eatre relativement b\u00e9nin, mais on ne sait jamais \u00e0 Portrush, une ville situ\u00e9e \u00e0 la pointe de l\u2019Irlande du Nord.<\/strong><\/p>\n<p>\nDe notre envoy\u00e9 sp\u00e9cial \u00e0 Portrush, Stefan Colin<\/p>\n<p>Ceux qui ont suivi l\u2019Open d\u2019\u00c9cosse devant leurs t\u00e9l\u00e9viseurs peuvent s\u2019attendre \u00e0 un changement de d\u00e9cor. Disput\u00e9 sous un soleil radieux, le \u00ab\u00a0Scottish\u00a0\u00bb a donn\u00e9 le sourire \u00e0 beaucoup de joueurs. <strong>Antoine Rozner<\/strong> a m\u00eame estim\u00e9 que c\u2019\u00e9tait \u00ab\u00a0l\u2019un des plus beaux pays du monde quand il fait ce temps-l\u00e0\u00ab\u00a0.\u00a0<\/p>\n<p>Les meilleurs joueurs du monde ont donc quitt\u00e9 l\u2019\u00c9cosse et North Berwick pour Portrush, une ville situ\u00e9e \u00e0 la pointe de l\u2019Irlande du Nord. Il y a six ans, l\u2019Open britannique remport\u00e9 par <strong>Shane Lowry<\/strong> avait d\u00e9j\u00e0 \u00e9t\u00e9 arros\u00e9. Cette fois encore, la pluie devrait \u00eatre l\u2019une des grandes actrices du tournoi.\u00a0<\/p>\n<p>\t\t\t\t\t<a id=\"178017\" href=\"https:\/\/www.formigolf.fr\/voyage-pays~jardin-de-tecina-4etoiles-la-gomera~75~canaries\" target=\"_blank\" rel=\"sponsorised nofollow noopener\"><img decoding=\"async\" src=\"data:image\/svg+xml,%3Csvg%20xmlns=\" http:=\"\" class=\"img-responsive\" alt=\"\" data-lazy-src=\"https:\/\/www.europesays.com\/fr\/wp-content\/uploads\/2025\/07\/formigolf-e07-canaries-gomera-1170x275-1.gif\"\/><\/a><\/p>\n<p>Si les parties de reconnaissance devraient \u00eatre \u00e9pargn\u00e9es, notamment mercredi o\u00f9 du soleil est annonc\u00e9 presque toute la journ\u00e9e, les quatre tours de comp\u00e9tition vont \u00eatre anim\u00e9s par de nombreuses averses.\u00a0<\/p>\n<blockquote>\n<p>Des averses ou \u00e9pisodes pluvieux sont probables, parfois forts<\/p>\n<p>Le bulletin m\u00e9t\u00e9o du jeudi 17 juillet, 1er tour de l\u2019Open britannique\u00a0<\/p>\n<\/blockquote>\n<p>La m\u00e9t\u00e9o de jeudi notamment est tr\u00e8s mauvaise. Elle dit : \u00ab\u00a0Des averses ou \u00e9pisodes pluvieux sont probables, parfois forts, mais des \u00e9claircies et des passages plus secs sont attendus. Vents de sud-ouest \u00e0 sud-est g\u00e9n\u00e9ralement faibles \u00e0 mod\u00e9r\u00e9s, mais pouvant devenir variables par moments.\u00ab\u00a0<\/p>\n<p>La seule bonne nouvelle pour les joueurs, c\u2019est la faiblesse du vent qui semble se dessiner tout au long de la semaine. Ce qui pourrait rendre le parcours tr\u00e8s scorable. Shane Lowry s\u2019est impos\u00e9 en 2019 avec un score de -15. Quand le vent est mod\u00e9r\u00e9, le parcours Dunluce du Royal Porteush est, on le sait, tr\u00e8s abordable, m\u00eame si la pluie s\u2019en m\u00eale.<\/p>\n<p>Mais ce ne sont que des pr\u00e9visions et la m\u00e9t\u00e9o est \u00e9videmment susceptible d\u2019\u00e9voluer tr\u00e8s vite. L\u2019an pass\u00e9 au Royal Troon, le vent et la pluie avaient frapp\u00e9 tr\u00e8s fort lors du 3e tour et ce n\u2019\u00e9tait pas forc\u00e9ment pr\u00e9vu initialement\u2026<\/p>\n<p>\t\t\t\t\t<a id=\"172342\" href=\"https:\/\/www.resonance.golf\/fr\/nos-offres\/passeport-evasion\/?utm_source=golfplanet&amp;utm_medium=web&amp;utm_campaign=PASSEPORTEVASION\" target=\"_blank\" rel=\"sponsorised nofollow noopener\"><img decoding=\"async\" src=\"data:image\/svg+xml,%3Csvg%20xmlns=\" http:=\"\" class=\"img-responsive\" alt=\"\" data-lazy-src=\"https:\/\/www.europesays.com\/fr\/wp-content\/uploads\/2025\/05\/resonance-e03-passeport-evasion-1170x275-1.gif\"\/><\/a><\/p>\n<p>Ce qui est s\u00fbr, puisqu\u2019il pleut d\u00e9j\u00e0 fort depuis notre arriv\u00e9e ce lundi \u00e0 Portrush mais que le soleil a lui aussi \u00e9t\u00e9 pr\u00e9sent dans l\u2019apr\u00e8s-midi. La m\u00e9t\u00e9o sera donc tr\u00e8s variable.\u00a0<\/p>\n<p>\nPhoto R&amp;A<\/p>\n","protected":false},"excerpt":{"rendered":"Partager cet article Partager la publication \u00ab\u00a0L\u2019Open britannique sans doute tr\u00e8s pluvieux !\u00a0\u00bb La m\u00e9t\u00e9o pour le 153e&hellip;\n","protected":false},"author":2,"featured_media":249974,"comment_status":"","ping_status":"","sticky":false,"template":"","format":"standard","meta":{"footnotes":""},"categories":[1418],"tags":[1011,27,1472,60],"class_list":{"0":"post-249973","1":"post","2":"type-post","3":"status-publish","4":"format-standard","5":"has-post-thumbnail","7":"category-golf","8":"tag-fr","9":"tag-france","10":"tag-golf","11":"tag-sports"},"share_on_mastodon":{"url":"https:\/\/pubeurope.com\/@fr\/114853101359027284","error":""},"_links":{"self":[{"href":"https:\/\/www.europesays.com\/fr\/wp-json\/wp\/v2\/posts\/249973","targetHints":{"allow":["GET"]}}],"collection":[{"href":"https:\/\/www.europesays.com\/fr\/wp-json\/wp\/v2\/posts"}],"about":[{"href":"https:\/\/www.europesays.com\/fr\/wp-json\/wp\/v2\/types\/post"}],"author":[{"embeddable":true,"href":"https:\/\/www.europesays.com\/fr\/wp-json\/wp\/v2\/users\/2"}],"replies":[{"embeddable":true,"href":"https:\/\/www.europesays.com\/fr\/wp-json\/wp\/v2\/comments?post=249973"}],"version-history":[{"count":0,"href":"https:\/\/www.europesays.com\/fr\/wp-json\/wp\/v2\/posts\/249973\/revisions"}],"wp:featuredmedia":[{"embeddable":true,"href":"https:\/\/www.europesays.com\/fr\/wp-json\/wp\/v2\/media\/249974"}],"wp:attachment":[{"href":"https:\/\/www.europesays.com\/fr\/wp-json\/wp\/v2\/media?parent=249973"}],"wp:term":[{"taxonomy":"category","embeddable":true,"href":"https:\/\/www.europesays.com\/fr\/wp-json\/wp\/v2\/categories?post=249973"},{"taxonomy":"post_tag","embeddable":true,"href":"https:\/\/www.europesays.com\/fr\/wp-json\/wp\/v2\/tags?post=249973"}],"curies":[{"name":"wp","href":"https:\/\/api.w.org\/{rel}","templated":true}]}}