{"id":249978,"date":"2025-07-14T18:57:12","date_gmt":"2025-07-14T18:57:12","guid":{"rendered":"https:\/\/www.europesays.com\/fr\/249978\/"},"modified":"2025-07-14T18:57:12","modified_gmt":"2025-07-14T18:57:12","slug":"motogp-allemagne-j3-alex-rins-yamaha-10-desempare-je-me-sentais-inutile-sur-la-moto","status":"publish","type":"post","link":"https:\/\/www.europesays.com\/fr\/249978\/","title":{"rendered":"MotoGP, Allemagne J3, \u00c1lex Rins (Yamaha\/10) d\u00e9sempar\u00e9 : \u00ab\u00a0Je me sentais inutile sur la moto\u00a0\u00bb"},"content":{"rendered":"<p><strong>\u00c1lex Rins a v\u00e9cu, de son propre aveu, le pire week-end<br \/>\nde sa carri\u00e8re lors du Grand Prix d\u2019Allemagne, et ce malgr\u00e9 la 10e<br \/>\nplace qu\u2019il a d\u00e9croch\u00e9e.<\/strong><\/p>\n<p><a href=\"https:\/\/www.paddock-gp.com\/motogp-allemagne-j3-fabio-quartararo-yamaha-4-loin-detre-satisfait-de-son-resultat-je-nai-eu-aucune-sensation-du-premier-au-dernier-tour\/\" target=\"_blank\" rel=\"noopener nofollow\">Si Fabio Quartararo \u00e9tait tr\u00e8s<br \/>\nfrustr\u00e9 \u00e0 l\u2019arriv\u00e9e du GP d\u2019Allemagne<\/a>, son co\u00e9quipier<br \/>\n<strong>\u00c1lex Rins<\/strong> \u00e9tait pour sa part compl\u00e8tement<br \/>\nd\u00e9sempar\u00e9. La dixi\u00e8me position qu\u2019il a d\u00e9croch\u00e9e lors de la course<br \/>\nprincipale de dimanche ne rend pas compte de son ressenti, apr\u00e8s un<br \/>\nweek-end pass\u00e9 \u00e0 \u00e9voluer dans les derni\u00e8res places du<br \/>\nclassement.<\/p>\n<p>Entre les cinq pilotes forfaits et les huit autres qui sont<br \/>\npartis \u00e0 la faute, l\u2019Espagnol a r\u00e9ussi \u00e0 rester sur ses roues, mais<br \/>\n\u00e0 quel prix. Il a termin\u00e9 \u00e0 39 secondes du vainqueur, et \u00e0 14<br \/>\nsecondes du pilote devant lui. Au moment de dresser le bilan, le<br \/>\nnum\u00e9ro #42 \u00e9tait dans l\u2019incompr\u00e9hension la plus compl\u00e8te, et a eu<br \/>\ndes mots forts.<\/p>\n<p>\u00ab\u00a0M\u00eame lors de ma premi\u00e8re ann\u00e9e en tant que rookie, ou<br \/>\napr\u00e8s une blessure, je n\u2019ai jamais autant souffert que ce week-end.<br \/>\nEn tant que pilote, je n\u2019arrivais pas \u00e0 aller plus vite. J\u2019ai<br \/>\ntermin\u00e9 dernier, \u00e0 14 secondes de l\u2019avant-dernier. Pendant les<br \/>\ntrois premiers tours, j\u2019\u00e9tais derri\u00e8re les deux Aprilia de Ra\u00fal et<br \/>\nOgura, et je pouvais plus ou moins me d\u00e9fendre avec des pneus<br \/>\nneufs, mais \u00e0 mesure que les pneus ont commenc\u00e9 \u00e0 s\u2019user et qu\u2019eux<br \/>\nont acc\u00e9l\u00e9r\u00e9, je me sentais inutile sur la moto, je sentais que je<br \/>\nne pouvais rien faire de plus\u00a0\u00bb, a-t-il d\u00e9clar\u00e9 aupr\u00e8s de<br \/>\n<a href=\"https:\/\/www.motosan.es\/\" rel=\"nofollow noopener\" target=\"_blank\">Motosan<\/a>.<\/p>\n<p><img loading=\"lazy\" decoding=\"async\" class=\"aligncenter size-full wp-image-1310410\" src=\"https:\/\/www.europesays.com\/fr\/wp-content\/uploads\/2025\/07\/MEYMm_2025-11-GP-Germany-72875.jpg\" alt=\"Alex Rins Allemagne\" width=\"800\" height=\"533\"  \/><\/p>\n<p>\u00ab\u00a0Je n\u2019arrivais pas \u00e0 prendre de vitesse en plein<br \/>\nvirage sans perdre l\u2019arri\u00e8re, et je ne pouvais pas acc\u00e9l\u00e9rer parce<br \/>\nque j\u2019\u00e9tais bloqu\u00e9. Je n\u2019arrive pas \u00e0 comprendre, et d\u2019apr\u00e8s ce que<br \/>\nYamaha m\u2019a dit lors de la r\u00e9union, ils ne comprennent pas non plus<br \/>\nce qui nous est arriv\u00e9 ce week-end. On a eu le m\u00eame probl\u00e8me tout<br \/>\nau long des trois jours, sur le mouill\u00e9, sur le sec, avec peu<br \/>\nd\u2019adh\u00e9rence. Il faudra voir les conclusions qu\u2019on tirera apr\u00e8s<br \/>\ncette course, apr\u00e8s avoir analys\u00e9 toutes les<br \/>\ndonn\u00e9es.\u00a0\u00bb<\/p>\n<p>Toutefois, pas question pour <strong>Rins<\/strong> de baisser<br \/>\nles bras et de s\u2019avouer vaincu face \u00e0 l\u2019ampleur du probl\u00e8me. Il<br \/>\nsouhaite trouver des solutions, et esp\u00e8re y parvenir avec Yamaha<br \/>\nd\u2019ici les prochains Grands Prix. \u00ab\u00a0Ce n\u2019est certainement<br \/>\npas la fin. En tant que pilote, je refuse que \u00e7a s\u2019arr\u00eate l\u00e0 parce<br \/>\nque c\u2019est inexplicable\u00a0\u00bb, a-t-il assur\u00e9.<\/p>\n<p><strong>R\u00e9sultats du Grand Prix d\u2019Allemagne<br \/>\n:<\/strong><\/p>\n<p><img loading=\"lazy\" decoding=\"async\" class=\"aligncenter size-full wp-image-1309909\" src=\"https:\/\/www.europesays.com\/fr\/wp-content\/uploads\/2025\/07\/gp.jpg\" alt=\"\" width=\"800\" height=\"783\"  \/><\/p>\n<p>Cr\u00e9dit classement : <a href=\"https:\/\/www.motogp.com\/fr\" rel=\"nofollow noopener\" target=\"_blank\">MotoGP.com<\/a><\/p>\n","protected":false},"excerpt":{"rendered":"\u00c1lex Rins a v\u00e9cu, de son propre aveu, le pire week-end de sa carri\u00e8re lors du Grand Prix&hellip;\n","protected":false},"author":2,"featured_media":249979,"comment_status":"","ping_status":"","sticky":false,"template":"","format":"standard","meta":{"footnotes":""},"categories":[1413],"tags":[1011,27,1457,1456,60],"class_list":{"0":"post-249978","1":"post","2":"type-post","3":"status-publish","4":"format-standard","5":"has-post-thumbnail","7":"category-moto","8":"tag-fr","9":"tag-france","10":"tag-moto","11":"tag-motocycle","12":"tag-sports"},"share_on_mastodon":{"url":"https:\/\/pubeurope.com\/@fr\/114853120897385786","error":""},"_links":{"self":[{"href":"https:\/\/www.europesays.com\/fr\/wp-json\/wp\/v2\/posts\/249978","targetHints":{"allow":["GET"]}}],"collection":[{"href":"https:\/\/www.europesays.com\/fr\/wp-json\/wp\/v2\/posts"}],"about":[{"href":"https:\/\/www.europesays.com\/fr\/wp-json\/wp\/v2\/types\/post"}],"author":[{"embeddable":true,"href":"https:\/\/www.europesays.com\/fr\/wp-json\/wp\/v2\/users\/2"}],"replies":[{"embeddable":true,"href":"https:\/\/www.europesays.com\/fr\/wp-json\/wp\/v2\/comments?post=249978"}],"version-history":[{"count":0,"href":"https:\/\/www.europesays.com\/fr\/wp-json\/wp\/v2\/posts\/249978\/revisions"}],"wp:featuredmedia":[{"embeddable":true,"href":"https:\/\/www.europesays.com\/fr\/wp-json\/wp\/v2\/media\/249979"}],"wp:attachment":[{"href":"https:\/\/www.europesays.com\/fr\/wp-json\/wp\/v2\/media?parent=249978"}],"wp:term":[{"taxonomy":"category","embeddable":true,"href":"https:\/\/www.europesays.com\/fr\/wp-json\/wp\/v2\/categories?post=249978"},{"taxonomy":"post_tag","embeddable":true,"href":"https:\/\/www.europesays.com\/fr\/wp-json\/wp\/v2\/tags?post=249978"}],"curies":[{"name":"wp","href":"https:\/\/api.w.org\/{rel}","templated":true}]}}