{"id":249984,"date":"2025-07-14T19:00:14","date_gmt":"2025-07-14T19:00:14","guid":{"rendered":"https:\/\/www.europesays.com\/fr\/249984\/"},"modified":"2025-07-14T19:00:14","modified_gmt":"2025-07-14T19:00:14","slug":"ol-mercato-thiago-almada-se-rapproche-de-son-futur-club-transfert-xxl-en-vue","status":"publish","type":"post","link":"https:\/\/www.europesays.com\/fr\/249984\/","title":{"rendered":"OL Mercato : Thiago Almada se rapproche de son futur club, transfert XXL en vue"},"content":{"rendered":"<p><strong>Thiago Almada est d\u00e9sormais tout proche de rejoindre l\u2019Atl\u00e9tico de Madrid, au d\u00e9triment de Benfica.<\/strong><\/p>\n<p>Pr\u00eat\u00e9 depuis janvier dernier \u00e0 l\u2019OL, Thiago Almada est revenu \u00e0 Botafogo, <a href=\"https:\/\/www.butfootballclub.fr\/ligue-1\/ol\/ol-mercato-coups-de-theatre-pour-almada-et-tagliafico\/\" rel=\"noreferrer noopener nofollow\" target=\"_blank\">mais ne devrait pas y rester longtemps<\/a>. Il ne retournera \u00e9videmment pas \u00e0 Lyon, qui n\u2019a pas les liquidit\u00e9s n\u00e9cessaires pour l\u2019attirer d\u00e9finitivement. Comme l\u2019indique <a href=\"https:\/\/www.record.pt\/futebol\/futebol-nacional\/liga-betclic\/benfica\/detalhe\/benfica-prestes-a-perder-alvo-thiago-almada-a-caminho-do-at-madrid\" rel=\"noreferrer noopener nofollow\" target=\"_blank\">Record<\/a>, l\u2019Argentin est en passe de rejoindre l\u2019Atl\u00e9tico de Madrid, malgr\u00e9 l\u2019int\u00e9r\u00eat soutenu du Benfica. <\/p>\n<p>Un transfert \u00e0 40 millions d\u2019euros<\/p>\n<p>Le club lisbo\u00e8te, qui suivait le milieu offensif argentin de pr\u00e8s, semble d\u00e9sormais distanc\u00e9 dans la course \u00e0 sa signature. En effet, les n\u00e9gociations entre le joueur et le club madril\u00e8ne sont tr\u00e8s avanc\u00e9es, notamment gr\u00e2ce \u00e0 l\u2019implication directe de Diego Simeone, qui a \u00e9chang\u00e9 \u00e0 plusieurs reprises avec Almada pour le convaincre. <\/p>\n<p>Benfica, malgr\u00e9 des efforts significatifs pour attirer le joueur, s\u2019est heurt\u00e9 \u00e0 des limites financi\u00e8res. Le montant du transfert, qui pourrait d\u00e9passer les 40 millions d\u2019euros, ainsi que le salaire \u00e9lev\u00e9 promis par l\u2019Atl\u00e9tico, rendent l\u2019op\u00e9ration hors de port\u00e9e pour le club portugais. Le transfert semble donc presque act\u00e9 en faveur des Colchoneros.<\/p>\n","protected":false},"excerpt":{"rendered":"Thiago Almada est d\u00e9sormais tout proche de rejoindre l\u2019Atl\u00e9tico de Madrid, au d\u00e9triment de Benfica. Pr\u00eat\u00e9 depuis janvier&hellip;\n","protected":false},"author":2,"featured_media":249985,"comment_status":"","ping_status":"","sticky":false,"template":"","format":"standard","meta":{"footnotes":""},"categories":[1410],"tags":[11,448,63,1011,27,66,3388,12,60,10662],"class_list":{"0":"post-249984","1":"post","2":"type-post","3":"status-publish","4":"format-standard","5":"has-post-thumbnail","7":"category-football","8":"tag-actualites","9":"tag-champions-league","10":"tag-football","11":"tag-fr","12":"tag-france","13":"tag-ligue-1","14":"tag-matchs","15":"tag-news","16":"tag-sports","17":"tag-transferts"},"share_on_mastodon":{"url":"https:\/\/pubeurope.com\/@fr\/114853132551712188","error":""},"_links":{"self":[{"href":"https:\/\/www.europesays.com\/fr\/wp-json\/wp\/v2\/posts\/249984","targetHints":{"allow":["GET"]}}],"collection":[{"href":"https:\/\/www.europesays.com\/fr\/wp-json\/wp\/v2\/posts"}],"about":[{"href":"https:\/\/www.europesays.com\/fr\/wp-json\/wp\/v2\/types\/post"}],"author":[{"embeddable":true,"href":"https:\/\/www.europesays.com\/fr\/wp-json\/wp\/v2\/users\/2"}],"replies":[{"embeddable":true,"href":"https:\/\/www.europesays.com\/fr\/wp-json\/wp\/v2\/comments?post=249984"}],"version-history":[{"count":0,"href":"https:\/\/www.europesays.com\/fr\/wp-json\/wp\/v2\/posts\/249984\/revisions"}],"wp:featuredmedia":[{"embeddable":true,"href":"https:\/\/www.europesays.com\/fr\/wp-json\/wp\/v2\/media\/249985"}],"wp:attachment":[{"href":"https:\/\/www.europesays.com\/fr\/wp-json\/wp\/v2\/media?parent=249984"}],"wp:term":[{"taxonomy":"category","embeddable":true,"href":"https:\/\/www.europesays.com\/fr\/wp-json\/wp\/v2\/categories?post=249984"},{"taxonomy":"post_tag","embeddable":true,"href":"https:\/\/www.europesays.com\/fr\/wp-json\/wp\/v2\/tags?post=249984"}],"curies":[{"name":"wp","href":"https:\/\/api.w.org\/{rel}","templated":true}]}}