{"id":249988,"date":"2025-07-14T19:02:10","date_gmt":"2025-07-14T19:02:10","guid":{"rendered":"https:\/\/www.europesays.com\/fr\/249988\/"},"modified":"2025-07-14T19:02:10","modified_gmt":"2025-07-14T19:02:10","slug":"il-faut-penser-a-loeuvre-et-a-celui-qui-les-a-peintes-avec-enormement-de-passion-et-de-devotion-a-plabennec-une-celebrite-daffaire-conclue-restaure-les-tableaux-de-la-chapelle","status":"publish","type":"post","link":"https:\/\/www.europesays.com\/fr\/249988\/","title":{"rendered":"\u00ab\u00a0Il faut penser \u00e0 l&rsquo;oeuvre et \u00e0 celui qui les a peintes avec \u00e9norm\u00e9ment de passion et de d\u00e9votion.\u00a0\u00bb A Plabennec, une c\u00e9l\u00e9brit\u00e9 d'\u00a0\u00bbAffaire conclue\u00a0\u00bb restaure les tableaux de la chapelle"},"content":{"rendered":"<p class=\"article__intro\">Dans le pays des Abers, les peintures de la chapelle de Lanv\u00e9lar \u00e0 Plabennec-Kersaint (Finist\u00e8re) font peau neuve. C&rsquo;est une restauratrice intervenant r\u00e9guli\u00e8rement dans l&rsquo;\u00e9mission \u00ab\u00a0Affaire Conclue\u00a0\u00bb (France 2) qui intervient sur ces tableaux. Le public peut assister aux op\u00e9rations et contribuer \u00e0 la remise en \u00e9tat de l&rsquo;\u00e9difice.<\/p>\n<p>\n      L\u2019actu des r\u00e9gions\n    <\/p>\n<p>\n      Chaque jour, un tour d\u2019horizon des principales infos de toutes les r\u00e9gions.\n    <\/p>\n<p>    France T\u00e9l\u00e9visions utilise votre adresse e-mail afin de vous envoyer la newsletter \u00ab\u00a0L\u2019actu des r\u00e9gions\u00a0\u00bb. Vous pouvez vous d\u00e9sinscrire \u00e0 tout moment via le lien en bas de cette newsletter. <a target=\"_blank\" href=\"https:\/\/www.francetelevisions.fr\/groupe\/confidentialite\/politique-de-confidentialite\/politique-de-confidentialite-de-france-televisions-6503\" rel=\"nofollow noopener\">Notre politique de confidentialit\u00e9<\/a><\/p>\n<p>\u00ab\u00a0Et \u00e7a colle ! Gagn\u00e9, gagn\u00e9 ! \u00e7a c&rsquo;est formidable ! Le nuage devient tr\u00e8s blanc, regardez !\u00a0\u00bb.<\/p>\n<p>Pench\u00e9e sur un tableau au milieu de la chapelle Notre-Dame des Gr\u00e2ces de Lanv\u00e9lar, lunettes juch\u00e9es sur le bout du nez, Francine Grisard tamponne d\u00e9licatement la peinture avec un tissu blanc impr\u00e9gn\u00e9 d&rsquo;alcool et d&rsquo;isooctane (un extrait de p\u00e9trole). \u00ab\u00a0J&rsquo;enl\u00e8ve le vernis jauni. Il alt\u00e8re la lisibilit\u00e9 de la couche picturale (&#8230;) Le vernis vieillit tr\u00e8s vite donc au bout de quarante ans, il faut l&rsquo;enlever. Et l\u00e0, je suis tr\u00e8s contente, tr\u00e8s tr\u00e8s contente du r\u00e9sultat\u00a0\u00bb, s&rsquo;enthousiasme la restauratrice qui intervient r\u00e9guli\u00e8rement dans l&rsquo;\u00e9mission \u00ab\u00a0Affaire conclue\u00a0\u00bb diffus\u00e9e l&rsquo;apr\u00e8s-midi sur France 2.<\/p>\n<p>Un peu plus t\u00f4t dans la journ\u00e9e, ce 14 juillet, Francine Grisard a d\u00e9couvert le travail qui l&rsquo;attend dans la chapelle de Plabennec-Kersaint. Deux tableaux \u00e0 nettoyer, restaurer. C&rsquo;est la premi\u00e8re \u00e9tape de travaux plus importants dont l&rsquo;\u00e9difice religieux a bien besoin. Concernant ces peintures, la restauratrice n&rsquo;aura pas trop de deux semaines d&rsquo;un travail minutieux \u00e0 raison de \u00ab\u00a0huit \u00e0 dix heures de travail chaque jour\u00a0\u00bb.<\/p>\n<blockquote class=\"ftvi_content_quote\">\n<p class=\"ftvi_citation_quote\">Le tableau n&rsquo;a pas \u00e9t\u00e9 coll\u00e9 sur un support plan. On ne pourra pas corriger \u00e7a. Il y en a du travail ! \u00ab\u00a0<\/p>\n<p>Francine Grisard<\/p>\n<p class=\"ftvi_citation_source\">Restauratrice de tableaux<\/p>\n<\/blockquote>\n<p>Francine Grisard est une passionn\u00e9e. \u00ab\u00a0Cet ange Gabriel est tr\u00e8s beau avec ses ailes magnifiques. C&rsquo;est remarquable ! Mais l\u00e0, il y a des d\u00e9jections d&rsquo;insectes ou de bestioles&#8230; L\u00e0, beaucoup de soul\u00e8vements. Ici on a \u00e9norm\u00e9ment de craquelures. Le tableau n&rsquo;a pas \u00e9t\u00e9 coll\u00e9 sur un support plan. On ne pourra pas corriger \u00e7a. Il y en a du travail ! \u00ab\u00a0<\/p>\n<p>Ici un ange Gabriel, l\u00e0 la Vierge M\u00e8re avec l\u2019Enfant tenant un chapelet. L&rsquo;ensemble s&rsquo;av\u00e8re tr\u00e8s endommag\u00e9 par des d\u00e9cennies d&rsquo;humidit\u00e9, de poussi\u00e8re, de couches de vernis mal pos\u00e9es.<\/p>\n<p>\u00ab\u00a0Sur le plan commercial, ces toiles ne valent pas plus de cinquante euros. Mais ici, on est dans un lieu sacr\u00e9. Ces oeuvres l\u00e0 sont ici depuis plus d&rsquo;un si\u00e8cle. Il y a le respect de l&rsquo;oeuvre issue d&rsquo;un art populaire mais aussi qui a probablement re\u00e7u beaucoup de d\u00e9votion. Il y a encore cinquante ans, on faisait des p\u00e9lerinages ici (&#8230;), rappelle la restauratrice. Il faut consid\u00e9rer cela avec un grand respect. Non seulement, penser \u00e0 l&rsquo;oeuvre mais aussi \u00e0 celui qui les a peintes avec \u00e9norm\u00e9ment de passion et de d\u00e9votion. On parle l\u00e0 d'\u00a0\u00bbarte povera\u00a0\u00bb autrement dit l&rsquo; \u00ab\u00a0art pauvre\u00a0\u00bb au sens noble du terme. Et il m\u00e9rite d&rsquo;\u00eatre restaur\u00e9 autant que les oeuvres qui ont une grande valeur commerciale.\u00a0\u00bb<\/p>\n<p>Patiemment, Francine Grisard va tenter de redonner leur \u00e9clat aux deux peintures. Elle a pr\u00e9vu de rester jusqu&rsquo;au 27 juillet. Le public peut assister \u00e0 ces op\u00e9rations de restauration. Libre \u00e0 chacun de participer au financement des travaux de restauration de la chapelle qui en a bien besoin.<\/p>\n<p>Car depuis cinquante ans, les peintures ne sont pas les seules \u00e0 avoir souffert. Des vitraux cass\u00e9s qui laissent la pluie et le vent entrer, une charpente d\u00e9pourvue de vo\u00fbte, des moisissures sur certaines ma\u00e7onneries&#8230; Le montant total des travaux pour la chapelle Notre-Dame des Gr\u00e2ces est \u00e9valu\u00e9 \u00e0 180 000 euros. Une cagnotte en ligne a \u00e9t\u00e9 lanc\u00e9 via <a href=\"https:\/\/www.fondation-patrimoine.org\/les-projets\/pouliquenchapelle-de-kersaint-plabennec\/101017\" target=\"_blank\" rel=\"noopener nofollow\">la Fondation du patrimoine<\/a>.<\/p>\n<p><a data-article-figure=\"\" href=\"https:\/\/france3-regions.franceinfo.fr\/image\/DCBXlfVwfMOGdokmPpcUpzWSulQ\/1920x1080\/regions\/2025\/07\/14\/kersaint1-6875078ab273d970456921.jpg\" data-pswp-width=\"1920\" data-pswp-height=\"1080\" target=\"_blank\" rel=\"nofollow noopener\"><\/p>\n<p>          <img width=\"600\" height=\"400\" class=\"article-image lazy\" data-src=\"https:\/\/www.europesays.com\/fr\/wp-content\/uploads\/2025\/07\/kersaint1-6875078ab273d970456921.jpg\" alt=\"La chapelle Notre-Dame des Gr\u00e2ces a besoin de 180 000 euros pour \u00eatre restaur\u00e9e.\" fetchpriority=\"high\" as=\"image\"\/><\/p>\n<p>\n            La chapelle Notre-Dame des Gr\u00e2ces a besoin de 180 000 euros pour \u00eatre restaur\u00e9e.<br \/>\n                           \u2022<br \/>\n                                      \u00a9 France T\u00e9l\u00e9visions\n                      <\/p>\n<p><\/a><\/p>\n<p>Elle reste pourtant pleine de charme, cette petite chapelle du pays des Abers. Construite en 1837 \u00e0 partir des ruines de la chapelle Saint-Michel. Jusqu\u2019\u00e0 la fin des ann\u00e9es 1960, on y c\u00e9l\u00e9brait le culte r\u00e9guli\u00e8rement, ainsi que le pardon qui avait lieu au mois de septembre. Une procession partait du bourg de Kersaint. Kersent Coz signifiant \u201cancien village des saints\u201d en Breton.<\/p>\n","protected":false},"excerpt":{"rendered":"Dans le pays des Abers, les peintures de la chapelle de Lanv\u00e9lar \u00e0 Plabennec-Kersaint (Finist\u00e8re) font peau neuve.&hellip;\n","protected":false},"author":2,"featured_media":249989,"comment_status":"","ping_status":"","sticky":false,"template":"","format":"standard","meta":{"footnotes":""},"categories":[1358],"tags":[1348,1384,1385,1386,58,59,1011,27],"class_list":{"0":"post-249988","1":"post","2":"type-post","3":"status-publish","4":"format-standard","5":"has-post-thumbnail","7":"category-arts-et-design","8":"tag-arts","9":"tag-arts-and-design","10":"tag-arts-et-design","11":"tag-design","12":"tag-divertissement","13":"tag-entertainment","14":"tag-fr","15":"tag-france"},"share_on_mastodon":{"url":"https:\/\/pubeurope.com\/@fr\/114853140456181869","error":""},"_links":{"self":[{"href":"https:\/\/www.europesays.com\/fr\/wp-json\/wp\/v2\/posts\/249988","targetHints":{"allow":["GET"]}}],"collection":[{"href":"https:\/\/www.europesays.com\/fr\/wp-json\/wp\/v2\/posts"}],"about":[{"href":"https:\/\/www.europesays.com\/fr\/wp-json\/wp\/v2\/types\/post"}],"author":[{"embeddable":true,"href":"https:\/\/www.europesays.com\/fr\/wp-json\/wp\/v2\/users\/2"}],"replies":[{"embeddable":true,"href":"https:\/\/www.europesays.com\/fr\/wp-json\/wp\/v2\/comments?post=249988"}],"version-history":[{"count":0,"href":"https:\/\/www.europesays.com\/fr\/wp-json\/wp\/v2\/posts\/249988\/revisions"}],"wp:featuredmedia":[{"embeddable":true,"href":"https:\/\/www.europesays.com\/fr\/wp-json\/wp\/v2\/media\/249989"}],"wp:attachment":[{"href":"https:\/\/www.europesays.com\/fr\/wp-json\/wp\/v2\/media?parent=249988"}],"wp:term":[{"taxonomy":"category","embeddable":true,"href":"https:\/\/www.europesays.com\/fr\/wp-json\/wp\/v2\/categories?post=249988"},{"taxonomy":"post_tag","embeddable":true,"href":"https:\/\/www.europesays.com\/fr\/wp-json\/wp\/v2\/tags?post=249988"}],"curies":[{"name":"wp","href":"https:\/\/api.w.org\/{rel}","templated":true}]}}