{"id":249998,"date":"2025-07-14T19:07:10","date_gmt":"2025-07-14T19:07:10","guid":{"rendered":"https:\/\/www.europesays.com\/fr\/249998\/"},"modified":"2025-07-14T19:07:10","modified_gmt":"2025-07-14T19:07:10","slug":"8-signes-qui-ressemblent-a-une-grippe-mais-peuvent-reveler-un-cancer-du-sang","status":"publish","type":"post","link":"https:\/\/www.europesays.com\/fr\/249998\/","title":{"rendered":"8 signes qui ressemblent \u00e0 une grippe mais peuvent r\u00e9v\u00e9ler un cancer du sang"},"content":{"rendered":"<p><strong>Le cancer<\/strong> figure parmi les causes majeures de<br \/>\nmortalit\u00e9 dans le monde, au m\u00eame titre que les maladies<br \/>\ncardio-vasculaires. Derri\u00e8re ce mot, on retrouve en r\u00e9alit\u00e9 une<br \/>\nmultitude de pathologies diff\u00e9rentes. Ce qui les relie toutes,<br \/>\nc\u2019est un d\u00e9r\u00e8glement au c\u0153ur m\u00eame des cellules. Elles cessent<br \/>\nd\u2019ob\u00e9ir aux r\u00e8gles du corps et commencent \u00e0 se multiplier sans<br \/>\nlimite, formant ainsi des amas anormaux. Dans un premier temps, ces<br \/>\ncellules rebelles restent confin\u00e9es \u00e0 l\u2019endroit o\u00f9 le d\u00e9r\u00e8glement a<br \/>\ncommenc\u00e9. Mais si rien ne les arr\u00eate, <strong>elles finissent par<br \/>\nmigrer vers d\u2019autres zones de l\u2019organisme, provoquant des<br \/>\nm\u00e9tastases<\/strong>. Comme le r\u00e9sume l\u2019Organisation mondiale de la<br \/>\nsant\u00e9 : \u00ab\u00a0Le cancer englobe un vaste groupe de maladies qui<br \/>\npeuvent appara\u00eetre dans presque tous les organes ou tissus du<br \/>\ncorps, lorsque des cellules anormales se d\u00e9veloppent de mani\u00e8re<br \/>\nincontr\u00f4l\u00e9e et se r\u00e9pandent au-del\u00e0 de leurs limites<br \/>\nhabituelles.\u00a0\u00bb<\/p>\n<p>Cancer : une maladie ravageuse<\/p>\n<p>Le cancer prend de nombreuses formes, certaines plus redoutables<br \/>\nque d\u2019autres. Si certains patients connaissent une r\u00e9mission,<br \/>\nd\u2019autres voient la maladie progresser \u00e0 une vitesse fulgurante. Des<br \/>\nfigures comme <strong>Chadwick Boseman<\/strong>, <strong>Bob<br \/>\nMarley<\/strong>, <strong>Aretha Franklin<\/strong>, <a href=\"https:\/\/www.melty.fr\/people\/mort-de-julian-mcmahon-charmed-un-an-apres-shannen-doherty-holly-marie-combs-exprime-sa-douleur-unique-2246938.html\" rel=\"nofollow noopener\" target=\"_blank\"><br \/>\nShannen Doherty et Julian McMahon<\/a> plus r\u00e9cemment, n\u2019y ont pas<br \/>\nsurv\u00e9cu. D\u2019autres, comme <strong>Kate Middleton<\/strong>,<br \/>\n<strong>le roi Charles III<\/strong> ou <strong>Florent<br \/>\nPagny<\/strong>, poursuivent leur combat. Malgr\u00e9 ses visages<br \/>\nmultiples, le cancer repose sur un m\u00eame point de d\u00e9part : une<br \/>\nmutation des cellules, qui finit par bouleverser tout l\u2019\u00e9quilibre<br \/>\nde l\u2019organisme.<\/p>\n<p>Parmi ces formes, <strong>la leuc\u00e9mie<\/strong> inqui\u00e8te<br \/>\nparticuli\u00e8rement les professionnels de sant\u00e9. Elle progresse<br \/>\nsouvent en silence, avec des signes qui ressemblent \u00e0 ceux d\u2019une<br \/>\nsimple grippe. Ce caract\u00e8re trompeur retarde le diagnostic, alors<br \/>\nque le temps joue un r\u00f4le crucial. D\u00a0\u00bbo\u00f9 l\u2019appel \u00e0 la vigilance<br \/>\nlanc\u00e9 par de nombreux experts, qui insistent sur l\u2019importance de ne<br \/>\npas banaliser certains sympt\u00f4mes trop rapidement.<\/p>\n<p>Leuc\u00e9mie : une tueuse sournoise<\/p>\n<p>La leuc\u00e9mie perturbe le fonctionnement m\u00eame du sang. <strong>La<br \/>\nmoelle osseuse<\/strong> produit des cellules anormales qui prennent<br \/>\npeu \u00e0 peu la place des globules blancs sains, fragilisant tout le<br \/>\nsyst\u00e8me immunitaire. Le probl\u00e8me, c\u2019est que cette maladie<br \/>\ns\u2019installe discr\u00e8tement. Les premiers sympt\u00f4mes passent souvent<br \/>\ninaper\u00e7us, car ils ressemblent \u00e0 ceux d\u2019un virus banal ou<br \/>\nd\u2019<strong>une grosse fatigue passag\u00e8re<\/strong>.<\/p>\n<p>C\u2019est justement ce flou qui inqui\u00e8te les m\u00e9decins. Il ne s\u2019agit<br \/>\npas de s\u2019alarmer au moindre bobo, mais de rester attentif \u00e0 ce qui<br \/>\npersiste ou revient sans raison claire. Si certains signes<br \/>\nreviennent r\u00e9guli\u00e8rement ou s\u2019accumulent, mieux vaut ne pas faire<br \/>\nl\u2019autruche. <strong>Mieux vaut consulter<\/strong>, m\u00eame pour<br \/>\n\u00e9carter un simple doute.<\/p>\n<p>Leuc\u00e9mie : gare \u00e0 ces 8 signaux<br \/>\ndiscrets que le corps envoie !<\/p>\n<p>Certains troubles de sant\u00e9, souvent banalis\u00e9s, peuvent cacher un<br \/>\nprobl\u00e8me bien plus grave qu\u2019une simple fatigue ou une infection<br \/>\npassag\u00e8re. La leuc\u00e9mie, <strong>cancer du sang<\/strong> redout\u00e9,<br \/>\npeut se glisser derri\u00e8re des sympt\u00f4mes communs comme des<br \/>\n<strong>\u00e9tourdissements r\u00e9guliers<\/strong>, des <strong>douleurs<br \/>\narticulaires inexpliqu\u00e9es<\/strong> ou encore des<br \/>\n<strong>ganglions<\/strong> qui gonflent sans raison apparente.<br \/>\nD\u2019autres signes comme une <strong>fi\u00e8vre chronique<\/strong>, des<br \/>\n<strong>sueurs nocturnes inhabituelles<\/strong> ou des <strong>maux<br \/>\nde t\u00eate persistants<\/strong> m\u00e9ritent aussi toute l\u2019attention,<br \/>\nsurtout s\u2019ils deviennent r\u00e9currents.<\/p>\n<p>Difficile \u00e0 d\u00e9tecter dans ses premi\u00e8res phases, la leuc\u00e9mie<br \/>\naffaiblit peu \u00e0 peu l\u2019organisme en d\u00e9r\u00e9glant la production des<br \/>\ncellules sanguines. R\u00e9sultat : des infections qui reviennent sans<br \/>\ncesse, un corps qui r\u00e9agit de fa\u00e7on excessive au moindre choc,<br \/>\nformant des bleus trop facilement, ou encore des<br \/>\n<strong>saignements de gencives fr\u00e9quents<\/strong> sans cause<br \/>\nclaire. Autre alerte : <strong>la sensation de tourner de l\u2019\u0153il<br \/>\nr\u00e9guli\u00e8rement<\/strong>, qui peut \u00eatre le reflet d\u2019une an\u00e9mie li\u00e9e \u00e0<br \/>\nune baisse des globules rouges. Tous ces signaux, pris s\u00e9par\u00e9ment,<br \/>\npeuvent sembler anodins, mais leur persistance doit pousser \u00e0<br \/>\nconsulter.<\/p>\n<p>Pour renforcer ses d\u00e9fenses et limiter les risques \u00e0 long terme,<br \/>\nl\u2019alimentation joue aussi un r\u00f4le. Le <strong>Dr. Anaum<br \/>\nMaqsood<\/strong> l\u2019a rappel\u00e9 dans Parade, en soulignant<br \/>\nles vertus protectrices des l\u00e9gumes riches en antioxydants. Parmi<br \/>\neux : <strong>brocoli, cresson, navet, blettes ou encore<br \/>\nchou-fleur<\/strong>. <a href=\"https:\/\/www.melty.fr\/divers\/ces-legumes-sont-les-meilleurs-pour-reduire-les-risques-de-cancer-selon-2-oncologues-2209093.html\" rel=\"nofollow noopener\" target=\"_blank\"><br \/>\nLeurs compos\u00e9s phytochimiques ont d\u00e9montr\u00e9 leur capacit\u00e9 \u00e0 ralentir<br \/>\nla progression de certains cancers<\/a>. Voil\u00e0 une raison de plus<br \/>\nd\u2019\u00e9couter son corps, mais aussi de nourrir ses cellules avec<br \/>\nsoin.<\/p>\n","protected":false},"excerpt":{"rendered":"Le cancer figure parmi les causes majeures de mortalit\u00e9 dans le monde, au m\u00eame titre que les maladies&hellip;\n","protected":false},"author":2,"featured_media":249999,"comment_status":"","ping_status":"","sticky":false,"template":"","format":"standard","meta":{"footnotes":""},"categories":[10],"tags":[1011,27,72,71],"class_list":{"0":"post-249998","1":"post","2":"type-post","3":"status-publish","4":"format-standard","5":"has-post-thumbnail","7":"category-sante","8":"tag-fr","9":"tag-france","10":"tag-health","11":"tag-sante"},"share_on_mastodon":{"url":"https:\/\/pubeurope.com\/@fr\/114853160126709921","error":""},"_links":{"self":[{"href":"https:\/\/www.europesays.com\/fr\/wp-json\/wp\/v2\/posts\/249998","targetHints":{"allow":["GET"]}}],"collection":[{"href":"https:\/\/www.europesays.com\/fr\/wp-json\/wp\/v2\/posts"}],"about":[{"href":"https:\/\/www.europesays.com\/fr\/wp-json\/wp\/v2\/types\/post"}],"author":[{"embeddable":true,"href":"https:\/\/www.europesays.com\/fr\/wp-json\/wp\/v2\/users\/2"}],"replies":[{"embeddable":true,"href":"https:\/\/www.europesays.com\/fr\/wp-json\/wp\/v2\/comments?post=249998"}],"version-history":[{"count":0,"href":"https:\/\/www.europesays.com\/fr\/wp-json\/wp\/v2\/posts\/249998\/revisions"}],"wp:featuredmedia":[{"embeddable":true,"href":"https:\/\/www.europesays.com\/fr\/wp-json\/wp\/v2\/media\/249999"}],"wp:attachment":[{"href":"https:\/\/www.europesays.com\/fr\/wp-json\/wp\/v2\/media?parent=249998"}],"wp:term":[{"taxonomy":"category","embeddable":true,"href":"https:\/\/www.europesays.com\/fr\/wp-json\/wp\/v2\/categories?post=249998"},{"taxonomy":"post_tag","embeddable":true,"href":"https:\/\/www.europesays.com\/fr\/wp-json\/wp\/v2\/tags?post=249998"}],"curies":[{"name":"wp","href":"https:\/\/api.w.org\/{rel}","templated":true}]}}