{"id":25001,"date":"2025-04-14T19:21:14","date_gmt":"2025-04-14T19:21:14","guid":{"rendered":"https:\/\/www.europesays.com\/fr\/25001\/"},"modified":"2025-04-14T19:21:14","modified_gmt":"2025-04-14T19:21:14","slug":"black-mirror-saison-7-pour-son-createur-charlie-brooker-on-vit-dans-un-present","status":"publish","type":"post","link":"https:\/\/www.europesays.com\/fr\/25001\/","title":{"rendered":"\u00ab\u00a0Black Mirror\u00a0\u00bb saison 7. Pour son cr\u00e9ateur Charlie Brooker, \u00ab\u00a0on vit dans un pr\u00e9sent"},"content":{"rendered":"<p>Les fans l\u2019attendaient de pied ferme\u00a0: Black Mirror est de retour sur <a href=\"https:\/\/www.ouest-france.fr\/medias\/netflix\/\" target=\"_self\" rel=\"noopener\">Netflix<\/a> depuis ce jeudi 10\u00a0avril. La s\u00e9rie britannique dystopique signe <a href=\"https:\/\/rennes.maville.com\/actu\/actudet_--black-mirror-sur-netflix-une-saison-7-qui-retourne-aux-basiques-_54135-6759148_actu.Htm\" target=\"_self\" rel=\"noopener\">sa septi\u00e8me saison<\/a>, riche de six \u00e9pisodes ancr\u00e9s dans la satire aussi bien high-tech qu\u2019humaine. Certains sont r\u00e9solument d\u00e9rangeants, d\u2019autres plus \u00e9mouvants. Apr\u00e8s deux <a href=\"https:\/\/rennes.maville.com\/actu\/actudet_--black-mirror-saison-six-sur-netflix-au-dela-du-cauchemar-high-tech-_53511-5827093_actu.Htm\" target=\"_self\" rel=\"noopener\">derni\u00e8res saisons en demi-teinte et moins incisives<\/a>, cette nouvelle salve retrouve un peu des couleurs d\u2019origine\u00a0: les faiblesses et immoralit\u00e9s de l\u2019\u00eatre humain c\u00f4toient une technologie toujours plus intrusive et d\u00e9brid\u00e9e.<\/p>\n<p>Une v\u00e9ritable claque \u00ab\u00a0presque vintage\u00a0\u00bb<\/p>\n<p>\u00c0 l\u2019occasion de cette sortie, son cr\u00e9ateur Charlie Brooker est venu se confier sur la gen\u00e8se de cette s\u00e9rie, <a href=\"https:\/\/rennes.maville.com\/actu\/actudet_--black-mirror-.-les-cinq-episodes-les-plus-marquants-de-la-serie-_54135-4942119_actu.Htm\" target=\"_self\" rel=\"noopener\">qui a profond\u00e9ment marqu\u00e9 le genre<\/a>, dans une master classe <a href=\"https:\/\/lille.maville.com\/actu\/actudet_--37-secondes-hpi-...-palmares-bilan-et-coups-de-coeur-de-l-edition-2025-de-series-mania-_53066-6739920_actu.Htm\" target=\"_self\" rel=\"noopener\">au festival S\u00e9rie Mania<\/a> \u00e0 Lille (Nord), fin mars.\u00a0Avant de basculer sur Netflix en 2016 (\u00e0 la troisi\u00e8me saison), Black Mirror est lanc\u00e9e en 2011 avec une premi\u00e8re saison fracassante sur la cha\u00eene britannique  Channel 4  . <\/p>\n<p> Elle y d\u00e9peignait les d\u00e9rives d\u2019un monde dystopique, \u00e0 la fois lointain et probable, gouvern\u00e9 par la technologie, la t\u00e9l\u00e9r\u00e9alit\u00e9, les r\u00e9seaux sociaux, les drones, les cam\u00e9ras\u2026 \u00c0 l\u2019\u00e9poque, une v\u00e9ritable claque pour les t\u00e9l\u00e9spectateurs. <\/p>\n<p><strong style=\"font-family: OuestFranceRSI;\">\u00ab\u00a0Quand je repense \u00e0 la premi\u00e8re saison, c\u2019est presque vintage\u00a0! C\u2019\u00e9tait il y a quatorze ans, soit l\u2019\u00e9quivalent d\u2019un millier d\u2019ann\u00e9es en termes de technologie et de t\u00e9l\u00e9vision\u00a0\u00bb,<\/strong>  plaisante Charlie Brooker.<\/p>\n<p>Une exag\u00e9ration bien s\u00fbr, mais un fond de v\u00e9rit\u00e9\u00a0: la technologie avance tr\u00e8s vite, en m\u00eame temps que son impact sur nos soci\u00e9t\u00e9s. L\u2019av\u00e8nement de <a href=\"https:\/\/www.ouest-france.fr\/high-tech\/intelligence-artificielle\/\" target=\"_self\" rel=\"noopener\">l\u2019intelligence artificielle<\/a>\u00a0dans notre quotidien en t\u00e9moigne. Comment <a href=\"https:\/\/www.ouest-france.fr\/leditiondusoir\/2019-06-05\/quand-la-realite-devient-aussi-inquietante-que-la-serie-danticipation-black-mirror-0d99f804-d3c3-4b58-ae93-2c2e6208de18\" target=\"_self\" rel=\"noopener\">la s\u00e9rie d\u2019anticipation<\/a>\u00a0peut alors continuer d\u2019\u00eatre en avance sur son temps, d\u2019\u00eatre percutante, si le r\u00e9el la devance\u00a0?<\/p>\n<p><strong>\u00ab\u00a0Dans notre vie, nous sommes beaucoup plus satur\u00e9s de technologie aujourd\u2019hui qu\u2019au tout d\u00e9but de la s\u00e9rie. C\u2019est utile pour l\u2019\u00e9criture, car il y a beaucoup plus de choses bizarres r\u00e9elles qui peuvent inspirer des \u00e9pisodes, <\/strong>explique Charlie Brooker.<strong>\u00a0Mais le public est aussi plus inform\u00e9 sur le sujet. Des choses qui paraissaient invraisemblables il y a encore quelques ann\u00e9es paraissent beaucoup plus cr\u00e9dibles.\u00a0\u00bb<\/strong><\/p>\n<p> <strong>Lire aussi\u00a0: <\/strong> <a href=\"https:\/\/programmetv.ouest-france.fr\/serie\/black-mirror-quand-la-realite-rejoint-la-fiction-la-preuve-en-cinq-episodes-troublants-41aa306a-0b79-11ee-b114-e17c9aa1db34#:~:text=%C2%AB%20Black%20Mirror%20%C2%BB.-,Quand%20la%20r%C3%A9alit%C3%A9%20rejoint%20la%20fiction%E2%80%A6,et%20r%C3%A9alit%C3%A9%20peuvent%20%C3%AAtre%20t%C3%A9nues%E2%80%A6\" target=\"_self\" rel=\"noopener\">\u00ab\u00a0Black Mirror\u00a0\u00bb. Quand la r\u00e9alit\u00e9 rejoint la fiction\u2026 La preuve en cinq \u00e9pisodes troublants<\/a> <\/p>\n<p>\u00ab\u00a0J\u2019esp\u00e8re bien qu\u2019on aura toujours besoin de l\u2019humain\u00a0\u00bb<\/p>\n<p>De quoi \u00eatre un carburant pour sa cr\u00e9ativit\u00e9. <strong>\u00ab\u00a0Je viens de la com\u00e9die \u00e0 la base, o\u00f9 on extrapole, on exag\u00e8re, on va dans l\u2019extr\u00eame. Je pense \u00e0 quelque chose, et je rigole en me demandant\u00a0: \u00ab\u00a0Est-ce que ce ne serait pas affreux si \u00e7a d\u00e9g\u00e9n\u00e9rait de telle mani\u00e8re\u00a0? Comment \u00e7a pourrait mal tourner, quelle chose \u00e9go\u00efste pourrait faire tel personnage, quelle faiblesse humaine on pourrait exploiter pour l\u2019intrigue\u00a0?\u00a0\u00bb C\u2019est un concept tr\u00e8s Black Mirror <\/strong>, explique l\u2019auteur, \u00e0 l\u2019humour noir caract\u00e9ristique. <strong>Et les technologies invent\u00e9es pour la s\u00e9rie doivent toujours avoir ce c\u00f4t\u00e9 potentiellement utile dans la vraie vie.\u00a0\u00bb<\/strong><\/p>\n<p>Ses inspirations initiales pour la s\u00e9rie lui viennent aussi de la t\u00e9l\u00e9vision avec laquelle il a grandi, comme la s\u00e9rie am\u00e9ricaine des ann\u00e9es 1960 La quatri\u00e8me dimension, mais aussi  <strong>\u00ab\u00a0des films de science-fiction en g\u00e9n\u00e9ral, et <a href=\"https:\/\/rennes.maville.com\/cinema\/cinemam_detail_-les-monty-python-sont-en-deuil-terry-jones-vient-de-deceder-a-l-age-de-77-ans_38846-3975999_actu.Htm\" target=\"_self\" rel=\"noopener\">les Mython Python<\/a>\u00a0\u00bb, <\/strong>le c\u00e9l\u00e8bre collectif d\u2019humoristes anglais. Le cr\u00e9ateur l\u2019avoue aussi\u00a0:  <strong>\u00ab\u00a0Je suis quelqu\u2019un d\u2019anxieux. Il y a presque un c\u00f4t\u00e9 th\u00e9rapeutique pour moi dans cette s\u00e9rie.\u00a0\u00bb<\/strong><\/p>\n<p><strong>Lire aussi\u00a0: <\/strong> <a href=\"https:\/\/programmetv.ouest-france.fr\/serie\/black-mirror-le-createur-a-tente-decrire-un-episode-avec-chatgpt-ae9b752e-0536-11ee-ba1e-f829400390d5\" target=\"_self\" rel=\"noopener\">\u00ab\u00a0Black Mirror\u00a0\u00bb. Le cr\u00e9ateur a tent\u00e9 d\u2019\u00e9crire un \u00e9pisode avec ChatGPT<\/a><\/p>\n<\/p>\n<p>Pour autant, l\u2019ancien journaliste du Guardian n\u2019est pas r\u00e9solument anti-technologie. <strong>\u00ab\u00a0Je la vois comme un outil utile pour les cr\u00e9ateurs, comme Photoshop par exemple. Mais j\u2019esp\u00e8re bien qu\u2019on aura toujours besoin de l\u2019humain. L\u2019art, au fond, c\u2019est un humain qui communique avec d\u2019autres humains. Si on l\u2019enl\u00e8ve de l\u2019\u00e9quation, que reste-t-il\u00a0?\u00a0\u00bb<\/strong><\/p>\n<p>Le cr\u00e9ateur de Black Mirror se montre plus circonspect, finalement, au sujet de l\u2019utilisation que font ses cong\u00e9n\u00e8res humains de cette technologie. <strong>\u00ab\u00a0On a invent\u00e9 les smartphones, on peut communiquer beaucoup plus facilement entre nous, avoir acc\u00e8s \u00e0 tout le savoir du monde\u2026 Ou bien regarder une vid\u00e9o cr\u00e9\u00e9e par l\u2019intelligence artificielle d\u2019un chien qui fait ses besoins, <\/strong>ironise Charlie Brooker.<strong>\u00a0On vit dans un pr\u00e9sent dystopique. \u00c7a a toujours \u00e9t\u00e9 un peu le cas, malheureusement. \u00c0 travers les \u00e2ges, on retrouve les traces d\u2019\u00e9crits de gens qui imaginaient que la fin du monde \u00e9tait proche\u2026\u00a0\u00bb<\/strong><\/p>\n<p>\u00a0<\/p>\n","protected":false},"excerpt":{"rendered":"Les fans l\u2019attendaient de pied ferme\u00a0: Black Mirror est de retour sur Netflix depuis ce jeudi 10\u00a0avril. La&hellip;\n","protected":false},"author":2,"featured_media":25002,"comment_status":"","ping_status":"","sticky":false,"template":"","format":"standard","meta":{"footnotes":""},"categories":[2815],"tags":[3691,1111,11,3623,8993,8992,6391,8996,1777,674,1011,27,811,1307,8991,12,8995,25,3242,8994],"class_list":{"0":"post-25001","1":"post","2":"type-post","3":"status-publish","4":"format-standard","5":"has-post-thumbnail","7":"category-lille","8":"tag-3691","9":"tag-actu","10":"tag-actualites","11":"tag-black","12":"tag-brooker","13":"tag-charlie","14":"tag-createur","15":"tag-dystopique","16":"tag-eu","17":"tag-europe","18":"tag-fr","19":"tag-france","20":"tag-hauts-de-france","21":"tag-lille","22":"tag-mirror","23":"tag-news","24":"tag-present","25":"tag-republique-francaise","26":"tag-saison","27":"tag-vit"},"share_on_mastodon":{"url":"https:\/\/pubeurope.com\/@fr\/114337944925262297","error":""},"_links":{"self":[{"href":"https:\/\/www.europesays.com\/fr\/wp-json\/wp\/v2\/posts\/25001","targetHints":{"allow":["GET"]}}],"collection":[{"href":"https:\/\/www.europesays.com\/fr\/wp-json\/wp\/v2\/posts"}],"about":[{"href":"https:\/\/www.europesays.com\/fr\/wp-json\/wp\/v2\/types\/post"}],"author":[{"embeddable":true,"href":"https:\/\/www.europesays.com\/fr\/wp-json\/wp\/v2\/users\/2"}],"replies":[{"embeddable":true,"href":"https:\/\/www.europesays.com\/fr\/wp-json\/wp\/v2\/comments?post=25001"}],"version-history":[{"count":0,"href":"https:\/\/www.europesays.com\/fr\/wp-json\/wp\/v2\/posts\/25001\/revisions"}],"wp:featuredmedia":[{"embeddable":true,"href":"https:\/\/www.europesays.com\/fr\/wp-json\/wp\/v2\/media\/25002"}],"wp:attachment":[{"href":"https:\/\/www.europesays.com\/fr\/wp-json\/wp\/v2\/media?parent=25001"}],"wp:term":[{"taxonomy":"category","embeddable":true,"href":"https:\/\/www.europesays.com\/fr\/wp-json\/wp\/v2\/categories?post=25001"},{"taxonomy":"post_tag","embeddable":true,"href":"https:\/\/www.europesays.com\/fr\/wp-json\/wp\/v2\/tags?post=25001"}],"curies":[{"name":"wp","href":"https:\/\/api.w.org\/{rel}","templated":true}]}}