{"id":250014,"date":"2025-07-14T19:15:11","date_gmt":"2025-07-14T19:15:11","guid":{"rendered":"https:\/\/www.europesays.com\/fr\/250014\/"},"modified":"2025-07-14T19:15:11","modified_gmt":"2025-07-14T19:15:11","slug":"je-nai-pas-pris-cette-decision-par-lassitude","status":"publish","type":"post","link":"https:\/\/www.europesays.com\/fr\/250014\/","title":{"rendered":"\u00ab\u00a0Je n\u2019ai pas pris cette d\u00e9cision par lassitude\u00a0\u00bb"},"content":{"rendered":"<blockquote class=\"question\"><p>Apr\u00e8s 12 ans comme maire de Saint-Jean-Bonnefonds, votre deuxi\u00e8me mandat sera le dernier. Pourquoi avez-vous d\u00e9cid\u00e9 de ne pas vous repr\u00e9senter\u00a0?<\/p><\/blockquote>\n<p>\u00ab\u00a0Il y a plusieurs raisons, personnelles d\u2019abord. \u00catre maire, c\u2019est sept jours sur sept. Je pense que j\u2019ai fait ma part. Mais je veux aussi tenir ma parole, puisque j\u2019avais dit que je ne ferais que deux mandats. Et je suis assez fier de la tenir, ce n\u2019est pas courant en politique. Je suis \u00e9lu depuis 1985, j\u2019ai connu le pr\u00e9d\u00e9cesseur de mon pr\u00e9d\u00e9cesseur. Il ne faut pas rester coll\u00e9 \u00e0 son fauteuil, c\u2019est important de laisser la place \u00e0 la jeunesse.\u00a0\u00bb<\/p>\n<blockquote class=\"question\"><p>C\u2019est une fonction tr\u00e8s prenante. On entend d\u2019ailleurs souvent parler du blues des maires\u2026 C\u2019est aussi votre cas\u00a0?<\/p><\/blockquote>\n<p>\u00ab\u00a0J\u2019aime et j\u2019ai aim\u00e9 cette fonction de maire, je n\u2019ai pas pris cette d\u00e9cision par lassitude. Mais si on veut bien faire, il faut s\u2019y consacrer violemment. Est-ce que j\u2019aurais encore la force de le faire pendant&#8230;<\/p>\n","protected":false},"excerpt":{"rendered":"Apr\u00e8s 12 ans comme maire de Saint-Jean-Bonnefonds, votre deuxi\u00e8me mandat sera le dernier. Pourquoi avez-vous d\u00e9cid\u00e9 de ne&hellip;\n","protected":false},"author":2,"featured_media":250015,"comment_status":"","ping_status":"","sticky":false,"template":"","format":"standard","meta":{"footnotes":""},"categories":[9653],"tags":[1111,11,2430,7539,4188,1777,674,1011,27,12,316,25,4001,9664,9663],"class_list":{"0":"post-250014","1":"post","2":"type-post","3":"status-publish","4":"format-standard","5":"has-post-thumbnail","7":"category-saint-etienne","8":"tag-actu","9":"tag-actualites","10":"tag-auvergne-rhone-alpes","11":"tag-edition-loire-sud","12":"tag-elections-municipales","13":"tag-eu","14":"tag-europe","15":"tag-fr","16":"tag-france","17":"tag-news","18":"tag-politique","19":"tag-republique-francaise","20":"tag-saint-etienne","21":"tag-saint-etienne-bassin","22":"tag-saint-jean-bonnefonds"},"share_on_mastodon":{"url":"https:\/\/pubeurope.com\/@fr\/114853191585268651","error":""},"_links":{"self":[{"href":"https:\/\/www.europesays.com\/fr\/wp-json\/wp\/v2\/posts\/250014","targetHints":{"allow":["GET"]}}],"collection":[{"href":"https:\/\/www.europesays.com\/fr\/wp-json\/wp\/v2\/posts"}],"about":[{"href":"https:\/\/www.europesays.com\/fr\/wp-json\/wp\/v2\/types\/post"}],"author":[{"embeddable":true,"href":"https:\/\/www.europesays.com\/fr\/wp-json\/wp\/v2\/users\/2"}],"replies":[{"embeddable":true,"href":"https:\/\/www.europesays.com\/fr\/wp-json\/wp\/v2\/comments?post=250014"}],"version-history":[{"count":0,"href":"https:\/\/www.europesays.com\/fr\/wp-json\/wp\/v2\/posts\/250014\/revisions"}],"wp:featuredmedia":[{"embeddable":true,"href":"https:\/\/www.europesays.com\/fr\/wp-json\/wp\/v2\/media\/250015"}],"wp:attachment":[{"href":"https:\/\/www.europesays.com\/fr\/wp-json\/wp\/v2\/media?parent=250014"}],"wp:term":[{"taxonomy":"category","embeddable":true,"href":"https:\/\/www.europesays.com\/fr\/wp-json\/wp\/v2\/categories?post=250014"},{"taxonomy":"post_tag","embeddable":true,"href":"https:\/\/www.europesays.com\/fr\/wp-json\/wp\/v2\/tags?post=250014"}],"curies":[{"name":"wp","href":"https:\/\/api.w.org\/{rel}","templated":true}]}}