{"id":250020,"date":"2025-07-14T19:18:17","date_gmt":"2025-07-14T19:18:17","guid":{"rendered":"https:\/\/www.europesays.com\/fr\/250020\/"},"modified":"2025-07-14T19:18:17","modified_gmt":"2025-07-14T19:18:17","slug":"le-redressement-chaotique-de-loffice-de-lhabitat","status":"publish","type":"post","link":"https:\/\/www.europesays.com\/fr\/250020\/","title":{"rendered":"le redressement chaotique de l\u2019office de l\u2019habitat"},"content":{"rendered":"<p>Soixante-cinq d\u00e9parts. Sur un effectif de cent trente salari\u00e9s. Le chiffre donne l\u2019ampleur du tsunami social v\u00e9cu, ces quatre derni\u00e8res ann\u00e9es, par l\u2019Office m\u00e9tropolitain de l\u2019habitat (OMH), le bailleur social contr\u00f4l\u00e9 par la M\u00e9tropole du Grand Nancy. Certes, la plupart des employ\u00e9s qui ont quitt\u00e9 le navire, ont \u00e9t\u00e9 remplac\u00e9s. Mais le grand chambardement qui a suivi le changement de majorit\u00e9 politique, en 2020, \u00e0 la t\u00eate de la M\u00e9tropole, a laiss\u00e9 des traces et continue \u00e0 avoir des r\u00e9percussions.<\/p>\n<p>Tout a&#8230;<\/p>\n","protected":false},"excerpt":{"rendered":"Soixante-cinq d\u00e9parts. Sur un effectif de cent trente salari\u00e9s. Le chiffre donne l\u2019ampleur du tsunami social v\u00e9cu, ces&hellip;\n","protected":false},"author":2,"featured_media":250021,"comment_status":"","ping_status":"","sticky":false,"template":"","format":"standard","meta":{"footnotes":""},"categories":[9635],"tags":[1111,11,271,272,1704,1777,674,274,1011,27,775,1908,3457,1702,1703,12,25,104],"class_list":{"0":"post-250020","1":"post","2":"type-post","3":"status-publish","4":"format-standard","5":"has-post-thumbnail","7":"category-nancy","8":"tag-actu","9":"tag-actualites","10":"tag-crime","11":"tag-delit-et-contravention","12":"tag-edition-nancy-et-agglomeration","13":"tag-eu","14":"tag-europe","15":"tag-faits-divers-justice","16":"tag-fr","17":"tag-france","18":"tag-grand-est","19":"tag-logement","20":"tag-meurthe-et-moselle","21":"tag-nancy","22":"tag-nancy-ville-54b","23":"tag-news","24":"tag-republique-francaise","25":"tag-societe"},"share_on_mastodon":{"url":"https:\/\/pubeurope.com\/@fr\/114853203371235374","error":""},"_links":{"self":[{"href":"https:\/\/www.europesays.com\/fr\/wp-json\/wp\/v2\/posts\/250020","targetHints":{"allow":["GET"]}}],"collection":[{"href":"https:\/\/www.europesays.com\/fr\/wp-json\/wp\/v2\/posts"}],"about":[{"href":"https:\/\/www.europesays.com\/fr\/wp-json\/wp\/v2\/types\/post"}],"author":[{"embeddable":true,"href":"https:\/\/www.europesays.com\/fr\/wp-json\/wp\/v2\/users\/2"}],"replies":[{"embeddable":true,"href":"https:\/\/www.europesays.com\/fr\/wp-json\/wp\/v2\/comments?post=250020"}],"version-history":[{"count":0,"href":"https:\/\/www.europesays.com\/fr\/wp-json\/wp\/v2\/posts\/250020\/revisions"}],"wp:featuredmedia":[{"embeddable":true,"href":"https:\/\/www.europesays.com\/fr\/wp-json\/wp\/v2\/media\/250021"}],"wp:attachment":[{"href":"https:\/\/www.europesays.com\/fr\/wp-json\/wp\/v2\/media?parent=250020"}],"wp:term":[{"taxonomy":"category","embeddable":true,"href":"https:\/\/www.europesays.com\/fr\/wp-json\/wp\/v2\/categories?post=250020"},{"taxonomy":"post_tag","embeddable":true,"href":"https:\/\/www.europesays.com\/fr\/wp-json\/wp\/v2\/tags?post=250020"}],"curies":[{"name":"wp","href":"https:\/\/api.w.org\/{rel}","templated":true}]}}