{"id":250043,"date":"2025-07-14T19:39:16","date_gmt":"2025-07-14T19:39:16","guid":{"rendered":"https:\/\/www.europesays.com\/fr\/250043\/"},"modified":"2025-07-14T19:39:16","modified_gmt":"2025-07-14T19:39:16","slug":"1-400-bouteilles-de-champagne-8-500-personnes-les-chiffres-du-bal-des-pompiers-a-nantes","status":"publish","type":"post","link":"https:\/\/www.europesays.com\/fr\/250043\/","title":{"rendered":"1 400 bouteilles de champagne, 8 500 personnes\u2026 Les chiffres du bal des pompiers \u00e0 Nantes"},"content":{"rendered":"<p>8 500 personnes ont foul\u00e9 la cour de la caserne de Gouz\u00e9 dimanche 13 juillet. Les pompiers organisaient leur traditionnel <a href=\"https:\/\/nantes.maville.com\/actu\/actudet_-la-belle-reputation-et-le-succes-fou-du-bal-des-pompiers-de-nantes-_52716-6379319_actu.Htm\" target=\"_self\" rel=\"nofollow noopener\">bal<\/a> et avaient pour l\u2019occasion transform\u00e9 leur enceinte en piste de danse g\u00e9ante.<\/p>\n<p><strong>Lire aussi :<\/strong>\u00a0<a href=\"https:\/\/nantes.maville.com\/actu\/actudet_-ambiance-reconnaissance-et-strip-tease-au-bal-des-pompiers-nantais-le-succes-a-sa-recette-_8-6898664_actu.Htm\" target=\"_self\" rel=\"nofollow noopener\">Ambiance, reconnaissance et strip-tease : \u00e0 Nantes, le bal des pompiers tient la recette du succ\u00e8s<\/a><\/p>\n<p><strong>\u00ab D\u00e8s 18 h 30, il y avait d\u00e9j\u00e0 foule devant l\u2019entr\u00e9e : on a compris qu\u2019on allait avoir beaucoup de monde \u00bb,<\/strong> d\u00e9taille Tony (1), le repr\u00e9sentant des b\u00e9n\u00e9voles qui organisaient la soir\u00e9e. \u00c0 l\u2019approche du traditionnel strip-tease, le portail a m\u00eame \u00e9t\u00e9 ferm\u00e9 car la jauge maximale \u00e9tait atteinte.<\/p>\n<p>Les surprises de cette ann\u00e9e : le mapping et le show des pompiers gymnastes ont aussi s\u00e9duit le public.<\/p>\n<blockquote class=\"instagram-media\" data-instgrm-captioned=\"\" data-instgrm-permalink=\"https:\/\/www.instagram.com\/reel\/DMFTC6_CgOd\/?utm_source=ig_embed&amp;utm_campaign=loading\" data-instgrm-version=\"14\" style=\" background:#FFF; border:0; border-radius:3px; box-shadow:0 0 1px 0 rgba(0,0,0,0.5),0 1px 10px 0 rgba(0,0,0,0.15); margin: 1px; max-width:540px; min-width:326px; padding:0; width:99.375%; width:-webkit-calc(100% - 2px); width:calc(100% - 2px);\" wp_automatic_readability=\"-0.17796610169491\"\/>\n<p>En chiffres, cette soir\u00e9e a vu s\u2019\u00e9couler 230 f\u00fbts de bi\u00e8res de 20 ou 30 litres, 1 400 bouteilles de champagnes ou encore 3 000 saucisses. Seules une dizaine d\u2019interventions ont eu lieu dans la caserne pendant les festivit\u00e9s.<\/p>\n<p>Le bal f\u00eatera ses vingt ans en 2026.<\/p>\n<p>(1) La personne n\u2019a pas souhait\u00e9 communiquer son nom de famille.<\/p>\n<p>\u00a0<\/p>\n<p>\t\t<script async src=\"\/\/www.instagram.com\/embed.js\"><\/script><\/p>\n","protected":false},"excerpt":{"rendered":"8 500 personnes ont foul\u00e9 la cour de la caserne de Gouz\u00e9 dimanche 13 juillet. Les pompiers organisaient&hellip;\n","protected":false},"author":2,"featured_media":250044,"comment_status":"","ping_status":"","sticky":false,"template":"","format":"standard","meta":{"footnotes":""},"categories":[2818],"tags":[12106,10851,14971,15765,1111,11,14064,18523,700,4298,1777,674,1011,27,766,12,2636,3744,1311,25],"class_list":{"0":"post-250043","1":"post","2":"type-post","3":"status-publish","4":"format-standard","5":"has-post-thumbnail","7":"category-nantes","8":"tag-12106","9":"tag-10851","10":"tag-14971","11":"tag-15765","12":"tag-actu","13":"tag-actualites","14":"tag-bal","15":"tag-bouteilles","16":"tag-champagne","17":"tag-chiffres","18":"tag-eu","19":"tag-europe","20":"tag-fr","21":"tag-france","22":"tag-nantes","23":"tag-news","24":"tag-pays-de-la-loire","25":"tag-personnes","26":"tag-pompiers","27":"tag-republique-francaise"},"share_on_mastodon":{"url":"https:\/\/pubeurope.com\/@fr\/114853286053562418","error":""},"_links":{"self":[{"href":"https:\/\/www.europesays.com\/fr\/wp-json\/wp\/v2\/posts\/250043","targetHints":{"allow":["GET"]}}],"collection":[{"href":"https:\/\/www.europesays.com\/fr\/wp-json\/wp\/v2\/posts"}],"about":[{"href":"https:\/\/www.europesays.com\/fr\/wp-json\/wp\/v2\/types\/post"}],"author":[{"embeddable":true,"href":"https:\/\/www.europesays.com\/fr\/wp-json\/wp\/v2\/users\/2"}],"replies":[{"embeddable":true,"href":"https:\/\/www.europesays.com\/fr\/wp-json\/wp\/v2\/comments?post=250043"}],"version-history":[{"count":0,"href":"https:\/\/www.europesays.com\/fr\/wp-json\/wp\/v2\/posts\/250043\/revisions"}],"wp:featuredmedia":[{"embeddable":true,"href":"https:\/\/www.europesays.com\/fr\/wp-json\/wp\/v2\/media\/250044"}],"wp:attachment":[{"href":"https:\/\/www.europesays.com\/fr\/wp-json\/wp\/v2\/media?parent=250043"}],"wp:term":[{"taxonomy":"category","embeddable":true,"href":"https:\/\/www.europesays.com\/fr\/wp-json\/wp\/v2\/categories?post=250043"},{"taxonomy":"post_tag","embeddable":true,"href":"https:\/\/www.europesays.com\/fr\/wp-json\/wp\/v2\/tags?post=250043"}],"curies":[{"name":"wp","href":"https:\/\/api.w.org\/{rel}","templated":true}]}}