{"id":250051,"date":"2025-07-14T19:43:19","date_gmt":"2025-07-14T19:43:19","guid":{"rendered":"https:\/\/www.europesays.com\/fr\/250051\/"},"modified":"2025-07-14T19:43:19","modified_gmt":"2025-07-14T19:43:19","slug":"chantier-du-metro-de-toulouse-sous-les-paves-linquietude-journal-de-20-heures","status":"publish","type":"post","link":"https:\/\/www.europesays.com\/fr\/250051\/","title":{"rendered":"Chantier du m\u00e9tro de Toulouse : sous les pav\u00e9s, l&rsquo;inqui\u00e9tude &#8211; Journal de 20 heures"},"content":{"rendered":"<p id=\"descriptionPanel\" aria-labelledby=\"descriptionArrow\" aria-expanded=\"false\" class=\"text-secondary mr-2 line-clamp-2 pr-2.5 overflow-visible\">\u00c0 Toulouse, c&rsquo;est l&rsquo;angoisse pour les habitants qui vivent au-dessus de la future ligne C du m\u00e9tro. Des fissures dans les maisons, un trou b\u00e9ant de cinq m\u00e8tres dans un jardin, un rez-de-chauss\u00e9e effondr\u00e9&#8230; Les incidents li\u00e9s aux travaux se multiplient apr\u00e8s le passage du tunnelier, \u00e0 20 m\u00e8tres de profondeur. Depuis leur lancement, une dizaine de logements ont \u00e9t\u00e9 \u00e9vacu\u00e9s et plus de 30 personnes relog\u00e9es. Des experts pointent les sondages r\u00e9alis\u00e9s en amont pour d\u00e9terminer la nature du sol.<\/p>\n<p>TF1 | Reporptage A. BRIGNOLI, A. GIRARDEAU, M. HOLLENDER<\/p>\n<p><a class=\"shrink-0\" href=\"https:\/\/www.tf1.fr\/tf1\/jt-20h\" target=\"_blank\" rel=\"noopener\"><img decoding=\"async\" src=\"https:\/\/www.europesays.com\/fr\/wp-content\/uploads\/2025\/07\/flux-program-card-portrait-1-jt20h-btcb-f6f521-de0119-4109ab-0@1x.jpg\" width=\"138\" height=\"184\" alt=\"\" loading=\"eager\" fetchpriority=\"auto\" class=\"rounded-3px aspect-[3\/4] h-24 w-auto\" aria-hidden=\"true\"\/><\/a><\/p>\n","protected":false},"excerpt":{"rendered":"\u00c0 Toulouse, c&rsquo;est l&rsquo;angoisse pour les habitants qui vivent au-dessus de la future ligne C du m\u00e9tro. Des&hellip;\n","protected":false},"author":2,"featured_media":250052,"comment_status":"","ping_status":"","sticky":false,"template":"","format":"standard","meta":{"footnotes":""},"categories":[2816],"tags":[1111,11,1777,674,3483,3697,1011,27,3699,3698,12,2680,25,3701,2312,3702,3700],"class_list":{"0":"post-250051","1":"post","2":"type-post","3":"status-publish","4":"format-standard","5":"has-post-thumbnail","7":"category-toulouse","8":"tag-actu","9":"tag-actualites","10":"tag-eu","11":"tag-europe","12":"tag-extrait","13":"tag-extrait-journal-de-20-heures","14":"tag-fr","15":"tag-france","16":"tag-journal-de-20-heures","17":"tag-journal-de-20-heures-extrait","18":"tag-news","19":"tag-occitanie","20":"tag-republique-francaise","21":"tag-streaming-journal-de-20-heures","22":"tag-toulouse","23":"tag-video-en-streaming-journal-de-20-heures","24":"tag-video-journal-de-20-heures"},"share_on_mastodon":{"url":"https:\/\/pubeurope.com\/@fr\/114853301698290105","error":""},"_links":{"self":[{"href":"https:\/\/www.europesays.com\/fr\/wp-json\/wp\/v2\/posts\/250051","targetHints":{"allow":["GET"]}}],"collection":[{"href":"https:\/\/www.europesays.com\/fr\/wp-json\/wp\/v2\/posts"}],"about":[{"href":"https:\/\/www.europesays.com\/fr\/wp-json\/wp\/v2\/types\/post"}],"author":[{"embeddable":true,"href":"https:\/\/www.europesays.com\/fr\/wp-json\/wp\/v2\/users\/2"}],"replies":[{"embeddable":true,"href":"https:\/\/www.europesays.com\/fr\/wp-json\/wp\/v2\/comments?post=250051"}],"version-history":[{"count":0,"href":"https:\/\/www.europesays.com\/fr\/wp-json\/wp\/v2\/posts\/250051\/revisions"}],"wp:featuredmedia":[{"embeddable":true,"href":"https:\/\/www.europesays.com\/fr\/wp-json\/wp\/v2\/media\/250052"}],"wp:attachment":[{"href":"https:\/\/www.europesays.com\/fr\/wp-json\/wp\/v2\/media?parent=250051"}],"wp:term":[{"taxonomy":"category","embeddable":true,"href":"https:\/\/www.europesays.com\/fr\/wp-json\/wp\/v2\/categories?post=250051"},{"taxonomy":"post_tag","embeddable":true,"href":"https:\/\/www.europesays.com\/fr\/wp-json\/wp\/v2\/tags?post=250051"}],"curies":[{"name":"wp","href":"https:\/\/api.w.org\/{rel}","templated":true}]}}