{"id":250081,"date":"2025-07-14T20:01:11","date_gmt":"2025-07-14T20:01:11","guid":{"rendered":"https:\/\/www.europesays.com\/fr\/250081\/"},"modified":"2025-07-14T20:01:11","modified_gmt":"2025-07-14T20:01:11","slug":"allemagne-1-500-mygales-dissimulees-dans-un-emballage-de-biscuits-linfo-re","status":"publish","type":"post","link":"https:\/\/www.europesays.com\/fr\/250081\/","title":{"rendered":"Allemagne : 1 500 mygales dissimul\u00e9es dans un emballage de biscuits &#8211; LINFO.re"},"content":{"rendered":"<p>Les douaniers de Cologne en Allemagne ont intercept\u00e9 un colis en provenance du Vietnam, cens\u00e9 contenir des biscuits. \u00c0 l\u2019int\u00e9rieur se trouvaient des centaines de mygales.<\/p>\n<p>\t\t\t\t\t\t<strong>Une d\u00e9couverte saisissante<\/strong><\/p>\n<p style=\"text-align: justify;\">Les agents de l\u2019a\u00e9roport de Cologne en <a href=\"https:\/\/www.linfo.re\/tags\/allemagne\" target=\"_blank\" rel=\"nofollow noopener\"><strong>Allemagne<\/strong><\/a> ont fait une <a href=\"https:\/\/www.linfo.re\/tags\/faits-divers-73904\" target=\"_blank\" rel=\"nofollow noopener\"><strong>macabre trouvaille<\/strong><\/a> en ouvrant un colis de sept kilos arriv\u00e9 du Vietnam. Pr\u00e9sent\u00e9 comme une simple cargaison de biscuits, le paquet dissimulait en r\u00e9alit\u00e9 pr\u00e8s de 1 500 jeunes mygales. Celles-ci \u00e9taient confin\u00e9es dans des petites bo\u00eetes en plastique, soigneusement empil\u00e9es, rapporte Le Figaro.<\/p>\n<p><strong>Des conditions de transport inacceptables<\/strong><\/p>\n<p style=\"text-align: justify;\">Malheureusement, un grand nombre de ces araign\u00e9es n\u2019a pas surv\u00e9cu au trajet. Les conditions de transport \u00e9taient loin de r\u00e9pondre aux besoins vitaux de ces animaux. \u00c0 l\u2019ouverture du colis, une <strong>odeur insoutenable<\/strong> s\u2019est imm\u00e9diatement d\u00e9gag\u00e9e, signe de l\u2019insalubrit\u00e9 du contenu. Cette sc\u00e8ne remonte \u00e0 trois semaines, mais la douane allemande ne l\u2019a r\u00e9v\u00e9l\u00e9e que ce lundi 14 juillet.<\/p>\n<p><strong>Une enqu\u00eate ouverte contre le destinataire<\/strong><\/p>\n<p style=\"text-align: justify;\">Le colis \u00e9tait destin\u00e9 \u00e0 un habitant de l\u2019ouest de l\u2019<strong>Allemagne<\/strong>. Ce dernier fait d\u00e9sormais l\u2019objet de poursuites p\u00e9nales. Les autorit\u00e9s enqu\u00eatent pour d\u00e9terminer les motivations et la l\u00e9galit\u00e9 d\u2019une telle importation. L\u2019affaire met une nouvelle fois en lumi\u00e8re le trafic illicite d\u2019animaux exotiques, souvent effectu\u00e9 au m\u00e9pris total du bien-\u00eatre animal.<\/p>\n<p style=\"text-align: justify;\">Voir notre dossier sur la <a href=\"https:\/\/www.linfo.re\/tags\/maltraitance-d-animaux?debut_art_mot_normal=60\" target=\"_blank\" rel=\"nofollow noopener\">maltraitance d\u2019animaux<\/a><\/p>\n","protected":false},"excerpt":{"rendered":"Les douaniers de Cologne en Allemagne ont intercept\u00e9 un colis en provenance du Vietnam, cens\u00e9 contenir des biscuits.&hellip;\n","protected":false},"author":2,"featured_media":250082,"comment_status":"","ping_status":"","sticky":false,"template":"","format":"standard","meta":{"footnotes":""},"categories":[1587],"tags":[47,11,672,1804,1805,1803,1777,674,118,1801,1922,74,12,1802],"class_list":{"0":"post-250081","1":"post","2":"type-post","3":"status-publish","4":"format-standard","5":"has-post-thumbnail","7":"category-allemagne","8":"tag-actualite","9":"tag-actualites","10":"tag-allemagne","11":"tag-bundesrepublik-deutschland","12":"tag-de","13":"tag-deutschland","14":"tag-eu","15":"tag-europe","16":"tag-faits-divers","17":"tag-germany","18":"tag-info","19":"tag-monde","20":"tag-news","21":"tag-republique-federale-dallemagne"},"share_on_mastodon":{"url":"https:\/\/pubeurope.com\/@fr\/114853372498709830","error":""},"_links":{"self":[{"href":"https:\/\/www.europesays.com\/fr\/wp-json\/wp\/v2\/posts\/250081","targetHints":{"allow":["GET"]}}],"collection":[{"href":"https:\/\/www.europesays.com\/fr\/wp-json\/wp\/v2\/posts"}],"about":[{"href":"https:\/\/www.europesays.com\/fr\/wp-json\/wp\/v2\/types\/post"}],"author":[{"embeddable":true,"href":"https:\/\/www.europesays.com\/fr\/wp-json\/wp\/v2\/users\/2"}],"replies":[{"embeddable":true,"href":"https:\/\/www.europesays.com\/fr\/wp-json\/wp\/v2\/comments?post=250081"}],"version-history":[{"count":0,"href":"https:\/\/www.europesays.com\/fr\/wp-json\/wp\/v2\/posts\/250081\/revisions"}],"wp:featuredmedia":[{"embeddable":true,"href":"https:\/\/www.europesays.com\/fr\/wp-json\/wp\/v2\/media\/250082"}],"wp:attachment":[{"href":"https:\/\/www.europesays.com\/fr\/wp-json\/wp\/v2\/media?parent=250081"}],"wp:term":[{"taxonomy":"category","embeddable":true,"href":"https:\/\/www.europesays.com\/fr\/wp-json\/wp\/v2\/categories?post=250081"},{"taxonomy":"post_tag","embeddable":true,"href":"https:\/\/www.europesays.com\/fr\/wp-json\/wp\/v2\/tags?post=250081"}],"curies":[{"name":"wp","href":"https:\/\/api.w.org\/{rel}","templated":true}]}}