{"id":250085,"date":"2025-07-14T20:03:09","date_gmt":"2025-07-14T20:03:09","guid":{"rendered":"https:\/\/www.europesays.com\/fr\/250085\/"},"modified":"2025-07-14T20:03:09","modified_gmt":"2025-07-14T20:03:09","slug":"donald-trump-degaine-lunion-europeenne-a-la-peine-liberation","status":"publish","type":"post","link":"https:\/\/www.europesays.com\/fr\/250085\/","title":{"rendered":"Donald Trump d\u00e9gaine, l\u2019Union europ\u00e9enne \u00e0 la peine \u2013 Lib\u00e9ration"},"content":{"rendered":"<p class=\"sc-ksZaOG ehjQrN text-element\">Les Europ\u00e9ens ont, para\u00eet-il, \u00e9t\u00e9 surpris. Comment l\u2019\u00eatre apr\u00e8s six mois de pr\u00e9sidence Trump ? Ils nous ont habitu\u00e9s \u00e0 tout et n\u2019importe quoi, <a href=\"https:\/\/www.liberation.fr\/international\/europe\/droits-de-douane-contre-lue-le-commerce-exterieur-une-scene-mondiale-pour-le-show-autocratique-de-trump-20250712_FLPFDGP5M5F4TMTQIDYH22VHYI\/\" target=\"_blank\" rel=\"noreferrer nofollow noopener\" title=\"https:\/\/www.liberation.fr\/international\/europe\/droits-de-douane-contre-lue-le-commerce-exterieur-une-scene-mondiale-pour-le-show-autocratique-de-trump-20250712_FLPFDGP5M5F4TMTQIDYH22VHYI\/\">surtout \u00e0 n\u2019importe quoi d\u2019ailleurs<\/a>. Mais les n\u00e9gociations en coulisses sur les droits de douane incitaient \u00e0 l\u2019optimisme. Le pr\u00e9sident am\u00e9ricain n\u2019allait pas mettre \u00e0 ex\u00e9cution sa menace de surtaxes g\u00e9n\u00e9ralis\u00e9es sur tous les produits fabriqu\u00e9s de ce c\u00f4t\u00e9 de l\u2019Atlantique (en plus des taxes d\u00e9j\u00e0 d\u00e9cid\u00e9es sur le secteur de l\u2019acier et l\u2019aluminium, par exemple). Sauf que finalement si. Et ce d\u00e8s le 1er ao\u00fbt.<\/p>\n<p class=\"sc-ksZaOG ehjQrN text-element\">Les quinze jours qui viennent promettent donc d\u2019\u00eatre tr\u00e8s longs pour tout ce que la galaxie europ\u00e9enne compte de responsables politiques, de diplomates et d\u2019acteurs \u00e9conomiques dont l\u2019activit\u00e9 est suspendue aux foucades trumpistes. La d\u00e9cision du pr\u00e9sident am\u00e9ricain, s\u2019il ne change pas une \u00e9ni\u00e8me fois son fusil d\u2019\u00e9paule, est \u00e9videmment une folie. Ses effets sur l\u2019\u00e9conomie europ\u00e9enne seront d\u00e9vastateurs. Le secteur automobile allemand, l\u2019agroalimentaire italien, les spiritueux ou le luxe fran\u00e7ais pour ne citer que quelques exemples sont en premi\u00e8re ligne. Mais les cons\u00e9quences de ce d\u00e9lire protectionniste ne seront pas qu\u2019\u00e9conomiques. <a href=\"https:\/\/www.liberation.fr\/international\/europe\/droits-de-douane-de-donald-trump-riposter-ou-ne-plus-exister-telle-est-la-question-pour-lunion-europeenne-20250714_EBPWSUZBIBD5XACF3JOY7KCN2Y\/\" target=\"_blank\" rel=\"noreferrer nofollow noopener\" title=\"https:\/\/www.liberation.fr\/international\/europe\/droits-de-douane-de-donald-trump-riposter-ou-ne-plus-exister-telle-est-la-question-pour-lunion-europeenne-20250714_EBPWSUZBIBD5XACF3JOY7KCN2Y\/\">Les Europ\u00e9ens ont redit ce lundi qu\u2019ils entendaient continuer de discuter<\/a> jusqu\u2019au bout pour \u00e9viter le pire. Ils ont raison. Mais \u00e0 une condition : que les menaces de taxer en retour des produits made in US, brandies parall\u00e8lement \u00e0 cette volont\u00e9 de dialogue, ne soient pas de simples mots en l\u2019air. Sauf \u00e0 vouloir tendre la joue gauche apr\u00e8s avoir pris une bonne droite.<\/p>\n<p class=\"sc-ksZaOG ehjQrN text-element\">Le probl\u00e8me est qu\u2019il existe parmi les pays membres de l\u2019UE autant de nuances de riposte que d\u2019int\u00e9r\u00eats \u00e9conomiques nationaux. Il leur faut pourtant d\u2019ici le 1er ao\u00fbt parler d\u2019une seule voix. La solidit\u00e9 de l\u2019unit\u00e9 europ\u00e9enne est r\u00e9guli\u00e8rement mise au d\u00e9fi. Mais comme l\u2019\u00e9conomie constitue depuis les origines la raison d\u2019\u00eatre principale de l\u2019UE, le pi\u00e8ge tendu par Trump est plus que redoutable.<\/p>\n","protected":false},"excerpt":{"rendered":"Les Europ\u00e9ens ont, para\u00eet-il, \u00e9t\u00e9 surpris. Comment l\u2019\u00eatre apr\u00e8s six mois de pr\u00e9sidence Trump ? Ils nous ont&hellip;\n","protected":false},"author":2,"featured_media":250086,"comment_status":"","ping_status":"","sticky":false,"template":"","format":"standard","meta":{"footnotes":""},"categories":[1586],"tags":[11,75,1777,674,1779,1011,27,1074,12,25,1778,364],"class_list":{"0":"post-250085","1":"post","2":"type-post","3":"status-publish","4":"format-standard","5":"has-post-thumbnail","7":"category-europe","8":"tag-actualites","9":"tag-donald-trump","10":"tag-eu","11":"tag-europe","12":"tag-european-union","13":"tag-fr","14":"tag-france","15":"tag-guerre-commerciale","16":"tag-news","17":"tag-republique-francaise","18":"tag-ue","19":"tag-union-europeenne"},"share_on_mastodon":{"url":"https:\/\/pubeurope.com\/@fr\/114853380343914266","error":""},"_links":{"self":[{"href":"https:\/\/www.europesays.com\/fr\/wp-json\/wp\/v2\/posts\/250085","targetHints":{"allow":["GET"]}}],"collection":[{"href":"https:\/\/www.europesays.com\/fr\/wp-json\/wp\/v2\/posts"}],"about":[{"href":"https:\/\/www.europesays.com\/fr\/wp-json\/wp\/v2\/types\/post"}],"author":[{"embeddable":true,"href":"https:\/\/www.europesays.com\/fr\/wp-json\/wp\/v2\/users\/2"}],"replies":[{"embeddable":true,"href":"https:\/\/www.europesays.com\/fr\/wp-json\/wp\/v2\/comments?post=250085"}],"version-history":[{"count":0,"href":"https:\/\/www.europesays.com\/fr\/wp-json\/wp\/v2\/posts\/250085\/revisions"}],"wp:featuredmedia":[{"embeddable":true,"href":"https:\/\/www.europesays.com\/fr\/wp-json\/wp\/v2\/media\/250086"}],"wp:attachment":[{"href":"https:\/\/www.europesays.com\/fr\/wp-json\/wp\/v2\/media?parent=250085"}],"wp:term":[{"taxonomy":"category","embeddable":true,"href":"https:\/\/www.europesays.com\/fr\/wp-json\/wp\/v2\/categories?post=250085"},{"taxonomy":"post_tag","embeddable":true,"href":"https:\/\/www.europesays.com\/fr\/wp-json\/wp\/v2\/tags?post=250085"}],"curies":[{"name":"wp","href":"https:\/\/api.w.org\/{rel}","templated":true}]}}