{"id":250106,"date":"2025-07-14T20:16:10","date_gmt":"2025-07-14T20:16:10","guid":{"rendered":"https:\/\/www.europesays.com\/fr\/250106\/"},"modified":"2025-07-14T20:16:10","modified_gmt":"2025-07-14T20:16:10","slug":"je-tournais-beaucoup-a-la","status":"publish","type":"post","link":"https:\/\/www.europesays.com\/fr\/250106\/","title":{"rendered":"Je tournais beaucoup \u00e0 la\u2026"},"content":{"rendered":"<p><strong>G\u00e9rard Darmon<\/strong>, <strong>monument du cin\u00e9ma et du<br \/>\nth\u00e9\u00e2tre fran\u00e7ais<\/strong>, cultive depuis des d\u00e9cennies une image<br \/>\nd\u2019homme libre, aussi charismatique que provocateur. \u00c0 75 ans, cette<br \/>\n<strong>verve et ce franc-parler qu\u00a0\u00bbil partage avec Thierry<br \/>\nArdisson<\/strong> restent intacts, faisant ainsi de chaque<br \/>\napparition m\u00e9diatique un moment attendu.<\/p>\n<p>R\u00e9cemment, l\u2019acteur a multipli\u00e9 les confidences, oscillant entre<br \/>\nsouvenirs d\u00e9complex\u00e9s d\u2019une \u00e9poque r\u00e9volue, <strong>r\u00e9flexions<br \/>\ninsolites et r\u00e8glements de comptes tenaces<\/strong>. Ces prises de<br \/>\nparole peignent le portrait nuanc\u00e9 d\u2019un artiste toujours<br \/>\npassionnant. Plongeons de ce fait dans ses r\u00e9centes<br \/>\nr\u00e9v\u00e9lations.<\/p>\n<p>Charme intact et confidences surprenantes<\/p>\n<p>\u00c0 77 ans, <strong>G\u00e9rard Darmon conserve un charme<br \/>\nind\u00e9niable<\/strong> et un franc-parler aussi l\u00e9gendaire que celui<br \/>\nde <strong>Thierry Ardisson<\/strong>. Depuis plus de quarante ans,<br \/>\nil encha\u00eene les succ\u00e8s au cin\u00e9ma, au th\u00e9\u00e2tre et m\u00eame en musique.<br \/>\n<strong>Avec 77 films, une vingtaine de t\u00e9l\u00e9films, plus de 20<br \/>\npi\u00e8ces et trois albums<\/strong>, sa carri\u00e8re brille par son<br \/>\n\u00e9clectisme. Il a m\u00eame \u00e9t\u00e9 \u00e0 l\u2019affiche le 16 avril dernier dans<br \/>\n\u00ab\u00a0Aimons-nous vivants\u00a0\u00bb. \u00c0 cet effet, il y a incarn\u00e9 un crooner en<br \/>\nd\u00e9clin, <strong>aux c\u00f4t\u00e9s de Val\u00e9rie Lemercier et Patrick<br \/>\nTimsit<\/strong>.<\/p>\n<p>Ce m\u00eame mois, sur un plateau t\u00e9l\u00e9, il a surpris tout le monde<br \/>\navec une confidence insolite. <a href=\"https:\/\/www.melty.fr\/people\/gerard-darmon-se-livre-sur-cette-histoire-damour-tres-etonnante-je-vous-assure-que-je-nai-pas-bu-2227721.html\" rel=\"nofollow noopener\" target=\"_blank\"><br \/>\nLe septuag\u00e9naire a alors r\u00e9v\u00e9l\u00e9 une \u00ab\u00a0histoire d\u2019amour\u00a0\u00bb<br \/>\ntr\u00e8s particuli\u00e8re<\/a>\u2026 avec un moucheron ! \u00ab\u00a0J\u2019ai toujours, dans<br \/>\nma vie, un moucheron qui vient se signaler \u00e0 mon attention\u00a0\u00bb,<br \/>\na-t-il assur\u00e9, s\u00e9rieux, face aux rires. Il y voit un signe des<br \/>\n\u00ab\u00a0forces de l\u2019esprit\u00a0\u00bb et des \u00ab\u00a0v\u00e9rit\u00e9s invisibles\u00a0\u00bb.<br \/>\nCette anecdote po\u00e9tique, conclue par \u00ab\u00a0Le principal, c\u2019est que<br \/>\ntu me fasses exister\u00a0\u00bb, illustre sa singularit\u00e9. Mais<br \/>\n<strong>le com\u00e9dien r\u00e9serve aussi son franc-parler pour d\u2019autres<br \/>\nsujets<\/strong>, nettement moins l\u00e9gers.<\/p>\n<p>Cette brouille de G\u00e9rard Darmon qui ne passe pas avec Franck<br \/>\nDubosc<\/p>\n<p><strong>G\u00e9rard Darmon<\/strong> nourrit une <strong>rancune<br \/>\ntenace envers Franck Dubosc<\/strong>. L\u2019origine remonte \u00e0 2018 et<br \/>\nau film \u00ab\u00a0Tout le monde debout\u00a0\u00bb, <strong>premi\u00e8re r\u00e9alisation de<br \/>\nDubosc<\/strong>. Darmon y faisait une courte apparition, mais<br \/>\n<strong>une de ses sc\u00e8nes a \u00e9t\u00e9 coup\u00e9e au montage<\/strong>. Cette<br \/>\nd\u00e9cision, prise par <strong>Dubosc<\/strong>, a profond\u00e9ment bless\u00e9<br \/>\nl\u2019acteur. Depuis cet incident, <strong>il a rompu tout contact avec<br \/>\ncelui qu\u2019il consid\u00e9rait comme un ami<\/strong>, refusant tout pardon<br \/>\nmalgr\u00e9 les explications avanc\u00e9es.<\/p>\n<p>Le 4 juillet 2025, <a href=\"https:\/\/www.melty.fr\/people\/furax-gerard-darmon-regle-ses-comptes-avec-franck-dubosc-2246589.html\" rel=\"nofollow noopener\" target=\"_blank\"><br \/>\nDarmon a r\u00e9affirm\u00e9 son m\u00e9pris sans ambages<\/a>. \u00c9voquant le<br \/>\n<strong>revirement de Franck Dubosc<\/strong> sur le<br \/>\n<strong>mouvement des Gilets jaunes<\/strong>, il l\u2019a qualifi\u00e9 de<br \/>\n\u00ab\u00a0bouffon\u00a0\u00bb. \u00ab\u00a0Je ne vais pas reprendre le discours de<br \/>\nl\u2019autre bouffon qui a \u00e9t\u00e9 une fois pour les Gilets jaunes et apr\u00e8s<br \/>\ncontre\u00a0\u00bb, a-t-il lanc\u00e9, refusant de commenter davantage \u00ab\u00a0sa<br \/>\nfa\u00e7on de se d\u00e9finir\u00a0\u00bb. Cette animosit\u00e9 publique et persistante<br \/>\nsemble d\u00e9finitivement scell\u00e9e, <strong>sans espoir de<br \/>\nr\u00e9conciliation entre les deux hommes<\/strong>. Ces ann\u00e9es ne furent<br \/>\npas que l\u00e9g\u00e8ret\u00e9 et petits insectes sur les plateaux t\u00e9l\u00e9vis\u00e9s.<\/p>\n<p>Thierry Ardisson, plateau et vodka :<br \/>\ndes aveux sans filtre<\/p>\n<p><strong>L\u2019\u00e9poque des \u00e9missions de Thierry Ardisson<\/strong>,<br \/>\ncomme \u00ab\u00a0Tout le monde en parle\u00a0\u00bb, reste mythique pour son ambiance<br \/>\nd\u00e9brid\u00e9e. Tout r\u00e9cemment avant <a href=\"https:\/\/www.melty.fr\/people\/thierry-ardisson-lhomme-en-noir-sest-eteint-a-76-ans-entoure-des-siens-2248847.html\" rel=\"nofollow noopener\" target=\"_blank\"><br \/>\nsa disparition tragique des suites de cancer<\/a>,<br \/>\n<strong>Ardisson<\/strong> lui-m\u00eame a reconnu les exc\u00e8s dans les<br \/>\ncoulisses. \u00ab\u00a0Bien s\u00fbr que t\u2019avais des mecs qui se d\u00e9fon\u00e7aient<br \/>\ndans les loges. \u00c7a tapait, \u00e7a fumait\u00a0\u00bb, a-t-il d\u00e9clar\u00e9,<br \/>\n\u00e9voquant une \u00e9poque plus permissive. <strong>G\u00e9rard<br \/>\nDarmon<\/strong>, habitu\u00e9 des plateaux d\u2019Ardisson, <strong>confirme<br \/>\nsans d\u00e9tour son propre \u00e9tat durant ces tournages<\/strong>.<\/p>\n<p>\u00ab\u00a0Je tournais beaucoup \u00e0 la vodka ou au vin mais pas<br \/>\ntellement au champagne. Dans \u2018Tout le monde en parle\u2019, je n\u2019ai<br \/>\njamais bu d\u2019eau\u00a0\u00bb, a-t-il avou\u00e9. <strong>Il souligne aussi<br \/>\navoir souvent foul\u00e9 le plateau dans un \u00ab\u00a0dr\u00f4le<br \/>\nd\u2019\u00e9tat\u00a0\u00bb<\/strong>, ajoutant : \u00ab\u00a0C\u2019\u00e9tait aussi l\u2019\u00e9poque o\u00f9 je<br \/>\nfumais beaucoup, pas que des cigarettes. On y allait fort.\u00a0\u00bb<br \/>\nCes exc\u00e8s n\u2019\u00e9taient pas sans cons\u00e9quences, comme en t\u00e9moigne<br \/>\n<strong>le cas extr\u00eame de Fr\u00e9d\u00e9ric Beigbeder<\/strong>, retrouv\u00e9 un<br \/>\nsoir incapable de monter sur sc\u00e8ne, \u00ab\u00a0vomi partout\u00a0\u00bb,<br \/>\n<strong>endormi dans son propre vomi<\/strong>, for\u00e7ant la<br \/>\nproduction \u00e0 alerter Thierry Ardisson. Une \u00e9poque r\u00e9volue, mais<br \/>\ndont <strong>G\u00e9rard Darmon garde le souvenir\u2026 flou.<\/strong><\/p>\n","protected":false},"excerpt":{"rendered":"G\u00e9rard Darmon, monument du cin\u00e9ma et du th\u00e9\u00e2tre fran\u00e7ais, cultive depuis des d\u00e9cennies une image d\u2019homme libre, aussi&hellip;\n","protected":false},"author":2,"featured_media":250107,"comment_status":"","ping_status":"","sticky":false,"template":"","format":"standard","meta":{"footnotes":""},"categories":[1359],"tags":[58,59,1011,27,7845,973],"class_list":{"0":"post-250106","1":"post","2":"type-post","3":"status-publish","4":"format-standard","5":"has-post-thumbnail","7":"category-people","8":"tag-divertissement","9":"tag-entertainment","10":"tag-fr","11":"tag-france","12":"tag-gerard-darmon","13":"tag-people"},"share_on_mastodon":{"url":"https:\/\/pubeurope.com\/@fr\/114853431405581089","error":""},"_links":{"self":[{"href":"https:\/\/www.europesays.com\/fr\/wp-json\/wp\/v2\/posts\/250106","targetHints":{"allow":["GET"]}}],"collection":[{"href":"https:\/\/www.europesays.com\/fr\/wp-json\/wp\/v2\/posts"}],"about":[{"href":"https:\/\/www.europesays.com\/fr\/wp-json\/wp\/v2\/types\/post"}],"author":[{"embeddable":true,"href":"https:\/\/www.europesays.com\/fr\/wp-json\/wp\/v2\/users\/2"}],"replies":[{"embeddable":true,"href":"https:\/\/www.europesays.com\/fr\/wp-json\/wp\/v2\/comments?post=250106"}],"version-history":[{"count":0,"href":"https:\/\/www.europesays.com\/fr\/wp-json\/wp\/v2\/posts\/250106\/revisions"}],"wp:featuredmedia":[{"embeddable":true,"href":"https:\/\/www.europesays.com\/fr\/wp-json\/wp\/v2\/media\/250107"}],"wp:attachment":[{"href":"https:\/\/www.europesays.com\/fr\/wp-json\/wp\/v2\/media?parent=250106"}],"wp:term":[{"taxonomy":"category","embeddable":true,"href":"https:\/\/www.europesays.com\/fr\/wp-json\/wp\/v2\/categories?post=250106"},{"taxonomy":"post_tag","embeddable":true,"href":"https:\/\/www.europesays.com\/fr\/wp-json\/wp\/v2\/tags?post=250106"}],"curies":[{"name":"wp","href":"https:\/\/api.w.org\/{rel}","templated":true}]}}