{"id":250108,"date":"2025-07-14T20:17:34","date_gmt":"2025-07-14T20:17:34","guid":{"rendered":"https:\/\/www.europesays.com\/fr\/250108\/"},"modified":"2025-07-14T20:17:34","modified_gmt":"2025-07-14T20:17:34","slug":"une-nouvelle-boutique-de-decoration-interieure-a-laruns","status":"publish","type":"post","link":"https:\/\/www.europesays.com\/fr\/250108\/","title":{"rendered":"une nouvelle boutique de d\u00e9coration int\u00e9rieure \u00e0 Laruns"},"content":{"rendered":"<p>Depuis le 18\u00a0juin, une nouvelle boutique de d\u00e9coration a ouvert ses portes \u00e0 Laruns\u00a0: Maison d\u2019\u00catres, le fruit d\u2019un parcours riche et passionn\u00e9 men\u00e9 par Tea Leng Lim, 45\u00a0ans, architecte d\u2019int\u00e9rieur et amoureuse des projets qui ont du sens.<\/p>\n<p>Originaire du Cambodge, elle a d\u2019abord exerc\u00e9 le m\u00e9tier d\u2019\u00e9ducatrice de jeunes enfants. Pendant 10\u00a0ans, elle a travaill\u00e9 aupr\u00e8s des tout-petits, d\u2019abord en Normandie, r\u00e9gion o\u00f9 elle a grandi, avant d\u2019arriver en 2010 en B\u00e9arn. En 2016, elle entame une reconversion dans l\u2019architecture d\u2019int\u00e9rieur, m\u00e9tier qu\u2019elle exerce durant huit ans au sein d\u2019une entreprise du b\u00e2timent \u00e0 Lescar jusqu\u2019\u00e0 ce qu\u2019elle se mette \u00e0 son compte en septembre 2024.<\/p>\n<p>L\u2019amour \u00e0 Laruns<\/p>\n<p>C\u2019est l\u2019amour qui l\u2019a conduite \u00e0 Laruns, o\u00f9 elle s\u2019est install\u00e9e il y a quatre ans. En 2025, elle d\u00e9cide de franchir un nouveau cap\u00a0: donner vie \u00e0 son propre projet. Elle reprend alors une boutique de v\u00eatements de sport de 70\u00a0m\u00b2, qu\u2019elle transforme pour y ouvrir Maison d\u2019\u00catres, un espace d\u00e9di\u00e9 \u00e0 la d\u00e9coration int\u00e9rieure et \u00e0 l\u2019inspiration venue d\u2019ailleurs.<\/p>\n<p>\u00ab\u00a0Petite, j\u2019adorais me promener dans les boutiques de d\u00e9coration. Aujourd\u2019hui, j\u2019ai voulu cr\u00e9er un lieu o\u00f9 chacun peut trouver quelque chose d\u2019original, qu\u2019on ne voit pas partout\u00a0\u00bb, confie Tea Leng. Sa boutique propose des objets de d\u00e9coration, mais pas que, vous y trouverez aussi des v\u00eatements, des bijoux, des sacs\u2026 Privil\u00e9giant au maximum l\u2019artisanat, certains produits proviennent aussi du Cambodge, d\u2019Indon\u00e9sie ou encore de Bali, tous fabriqu\u00e9s par des artisans locaux dans leur pays d\u2019origine.<\/p>\n<p>Mais Tea Leng ne s\u2019arr\u00eate pas l\u00e0. En parall\u00e8le, elle propose ses services en tant qu\u2019architecte d\u2019int\u00e9rieur sur la vall\u00e9e d\u2019Ossau et tout le B\u00e9arn. Elle \u00e9labore des plans et des propositions d\u2019am\u00e9nagement pour aider chacun \u00e0 se projeter dans un int\u00e9rieur plus harmonieux et adapt\u00e9 \u00e0 ses besoins.<\/p>\n<p>R\u00e9solument \u00e9volutive, Maison d\u2019\u00catres s\u2019adapte aux envies des habitants comme des touristes de passage, avec une seule ligne directrice\u00a0: faire entrer l\u2019authenticit\u00e9 et la cr\u00e9ativit\u00e9 dans chaque maison.<\/p>\n<p>Maison d\u2019\u00catres : 06 71 31 86 62, maison.detres64@gmail.com<\/p>\n<p>        <img decoding=\"async\" id=\"25107390\" src=\"https:\/\/www.europesays.com\/fr\/wp-content\/uploads\/2025\/07\/haut-bearn-b4cf387dd9924760a51a874789112dfb-091815-ph1.jpg\" alt=\"La boutique Maison d\u2019\u00catres situ\u00e9e \u00e0 Laruns.\" itemprop=\"contentURL\"\/><\/p>\n<p>    La boutique Maison d\u2019\u00catres situ\u00e9e \u00e0 Laruns.<\/p>\n<p>Patrice Bernard<\/p>\n<p>        <img decoding=\"async\" id=\"25107391\" src=\"https:\/\/www.europesays.com\/fr\/wp-content\/uploads\/2025\/07\/haut-bearn-b4cf387dd9924760a51a874789112dfb-091815-ph2.jpg\" alt=\"L\u2019int\u00e9rieur de la boutique.\" itemprop=\"contentURL\"\/><\/p>\n<p>    L\u2019int\u00e9rieur de la boutique.<\/p>\n<p>Patrice Bernard<\/p>\n","protected":false},"excerpt":{"rendered":"Depuis le 18\u00a0juin, une nouvelle boutique de d\u00e9coration a ouvert ses portes \u00e0 Laruns\u00a0: Maison d\u2019\u00catres, le fruit&hellip;\n","protected":false},"author":2,"featured_media":250109,"comment_status":"","ping_status":"","sticky":false,"template":"","format":"standard","meta":{"footnotes":""},"categories":[1358],"tags":[1348,1384,1385,1386,58,59,1011,27],"class_list":{"0":"post-250108","1":"post","2":"type-post","3":"status-publish","4":"format-standard","5":"has-post-thumbnail","7":"category-arts-et-design","8":"tag-arts","9":"tag-arts-and-design","10":"tag-arts-et-design","11":"tag-design","12":"tag-divertissement","13":"tag-entertainment","14":"tag-fr","15":"tag-france"},"share_on_mastodon":{"url":"https:\/\/pubeurope.com\/@fr\/114853435454045070","error":""},"_links":{"self":[{"href":"https:\/\/www.europesays.com\/fr\/wp-json\/wp\/v2\/posts\/250108","targetHints":{"allow":["GET"]}}],"collection":[{"href":"https:\/\/www.europesays.com\/fr\/wp-json\/wp\/v2\/posts"}],"about":[{"href":"https:\/\/www.europesays.com\/fr\/wp-json\/wp\/v2\/types\/post"}],"author":[{"embeddable":true,"href":"https:\/\/www.europesays.com\/fr\/wp-json\/wp\/v2\/users\/2"}],"replies":[{"embeddable":true,"href":"https:\/\/www.europesays.com\/fr\/wp-json\/wp\/v2\/comments?post=250108"}],"version-history":[{"count":0,"href":"https:\/\/www.europesays.com\/fr\/wp-json\/wp\/v2\/posts\/250108\/revisions"}],"wp:featuredmedia":[{"embeddable":true,"href":"https:\/\/www.europesays.com\/fr\/wp-json\/wp\/v2\/media\/250109"}],"wp:attachment":[{"href":"https:\/\/www.europesays.com\/fr\/wp-json\/wp\/v2\/media?parent=250108"}],"wp:term":[{"taxonomy":"category","embeddable":true,"href":"https:\/\/www.europesays.com\/fr\/wp-json\/wp\/v2\/categories?post=250108"},{"taxonomy":"post_tag","embeddable":true,"href":"https:\/\/www.europesays.com\/fr\/wp-json\/wp\/v2\/tags?post=250108"}],"curies":[{"name":"wp","href":"https:\/\/api.w.org\/{rel}","templated":true}]}}