{"id":250110,"date":"2025-07-14T20:18:12","date_gmt":"2025-07-14T20:18:12","guid":{"rendered":"https:\/\/www.europesays.com\/fr\/250110\/"},"modified":"2025-07-14T20:18:12","modified_gmt":"2025-07-14T20:18:12","slug":"alpes-de-haute-provence-apres-avoir-revele-lenfer-du-decor-dans-son-livre-il-retrouve-sa-voiture-incendiee","status":"publish","type":"post","link":"https:\/\/www.europesays.com\/fr\/250110\/","title":{"rendered":"Alpes-de-Haute-Provence. Apr\u00e8s avoir r\u00e9v\u00e9l\u00e9 \u00ab\u00a0L\u2019enfer du d\u00e9cor\u00a0\u00bb dans son livre, il retrouve sa voiture incendi\u00e9e"},"content":{"rendered":"<p>Il est trois heures du matin ce lundi 14\u00a0juillet quand Dylan appelle son ami, Voulko. Sa voiture est en feu sur le haut de l\u2019Avenue de Barasson, \u00e0 la sortie de la cit\u00e9 ouvri\u00e8re de Saint-Auban. \u00ab\u00a0Je pense que c\u2019est en lien avec les histoires lourdes de notre pass\u00e9 que nous racontons dans notre livre. Nous avons chang\u00e9 les noms, mais certains ont d\u00fb se reconna\u00eetre. Le pare-brise de mon p\u00e8re a d\u00e9j\u00e0 \u00e9t\u00e9 cass\u00e9 il y a deux mois. Je pense que c\u2019est pour impressionner, mais on n\u2019est jamais \u00e0 l\u2019abri de rien\u00a0\u00bb souffle Dylan. Le jeune homme entend porter plainte. \u00ab\u00a0Avec notre r\u00e9cit, on ne veut pas donner une mauvaise image de Saint-Auban, seulement parler de nos blessures personnelles, de ce qu\u2019on a v\u00e9cu, pour montrer ce que vivent certains jeunes, m\u00eame dans une petite cit\u00e9 ouvri\u00e8re comme Saint-Auban. On ne pensait pas que \u00e7a irait jusque-l\u00e0\u00a0\u00bb.<\/p>\n<p>  \u00ab Ce sont peut-\u00eatre des gens qui ne veulent pas que le livre perdure\u00a0\u00bb<\/p>\n<p>N\u00e9 \u00e0 Digne d\u2019une m\u00e8re fleuriste et d\u2019un p\u00e8re carreleur, Dylan a v\u00e9cu un traumatisme \u00e0 8 ans, puis a subi du harc\u00e8lement avant de se r\u00e9fugier dans le sport et s\u2019engager dans la l\u00e9gion \u00e9trang\u00e8re. Apr\u00e8s un p\u00e9riple au Mexique qui ne se passe pas comme pr\u00e9vu, \u00ab\u00a0il choisit l\u2019honn\u00eatet\u00e9 par rapport \u00e0 beaucoup de personnes avec qui il a grandi\u00a0\u00bb. Ces mots, ce sont ceux de Voulko, son ami avec qui il a travaill\u00e9 sur le livre \u00ab\u00a0L\u2019Enfer du d\u00e9cor\u00a0\u00bb, qu\u2019ils ont co\u00e9crit avec l\u2019auteur Omar Benla\u00e2la. \u00ab\u00a0Dans notre livre, on parle de sujets tumultueux. Donc soit c\u2019est de la jalousie, soit ce sont des gens qui ne veulent pas que le livre perdure\u00a0\u00bb estime Voulko. En faisant para\u00eetre ce r\u00e9cit, lui voulait montrer le c\u00f4t\u00e9 \u00ab\u00a0sombre et destructeur de l\u2019ill\u00e9galit\u00e9, sans jamais vouloir le glorifier\u00a0\u00bb. \u00ab\u00a0Le spectacle fait r\u00eaver, mais les coulisses sont cauchemardesques\u00a0\u00bb. Il choisit alors de raconter comment, enfant, il prend go\u00fbt au vol, mais aussi le jour o\u00f9 son meilleur ami s\u2019est fait tirer dessus \u00e0 l\u2019\u00e2ge de 17 ans, en passant par les centres, les foyers, la vie de SDF et les multiples passages devant les juges. \u00ab\u00a0L\u2019Enfer du d\u00e9cor, ce n\u2019est pas par rapport \u00e0 Saint-Auban, on voulait parler de notre vie \u00e0 Marseille, \u00e0 Lyon, au Mexique. On a mis Saint-Auban car on a pass\u00e9 la moiti\u00e9 de notre vie l\u00e0-bas. Mais le but de t\u00e9moigner, c\u2019est qu\u2019on voudrait donner une lueur d\u2019esp\u00e9rance aux jeunes. J\u2019ai \u00e9t\u00e9 \u00e0 leur place, il vaut mieux des exemples et des t\u00e9moignages que de grosses morales qui peuvent faire l\u2019effet inverse\u00a0\u00bb.<\/p>\n","protected":false},"excerpt":{"rendered":"Il est trois heures du matin ce lundi 14\u00a0juillet quand Dylan appelle son ami, Voulko. Sa voiture est&hellip;\n","protected":false},"author":2,"featured_media":250111,"comment_status":"","ping_status":"","sticky":false,"template":"","format":"standard","meta":{"footnotes":""},"categories":[1357],"tags":[1379,29634,271,272,58,4521,59,274,107,1795,1011,27,39038,4522,1380],"class_list":{"0":"post-250110","1":"post","2":"type-post","3":"status-publish","4":"format-standard","5":"has-post-thumbnail","7":"category-livres","8":"tag-books","9":"tag-chateau-arnoux-saint-auban","10":"tag-crime","11":"tag-delit-et-contravention","12":"tag-divertissement","13":"tag-edition-hautes-alpes-alpes-de-haute-provence","14":"tag-entertainment","15":"tag-faits-divers-justice","16":"tag-fil-info","17":"tag-fil-web","18":"tag-fr","19":"tag-france","20":"tag-grand-sisteronais","21":"tag-haute-provence","22":"tag-livres"},"share_on_mastodon":{"url":"https:\/\/pubeurope.com\/@fr\/114853439294425608","error":""},"_links":{"self":[{"href":"https:\/\/www.europesays.com\/fr\/wp-json\/wp\/v2\/posts\/250110","targetHints":{"allow":["GET"]}}],"collection":[{"href":"https:\/\/www.europesays.com\/fr\/wp-json\/wp\/v2\/posts"}],"about":[{"href":"https:\/\/www.europesays.com\/fr\/wp-json\/wp\/v2\/types\/post"}],"author":[{"embeddable":true,"href":"https:\/\/www.europesays.com\/fr\/wp-json\/wp\/v2\/users\/2"}],"replies":[{"embeddable":true,"href":"https:\/\/www.europesays.com\/fr\/wp-json\/wp\/v2\/comments?post=250110"}],"version-history":[{"count":0,"href":"https:\/\/www.europesays.com\/fr\/wp-json\/wp\/v2\/posts\/250110\/revisions"}],"wp:featuredmedia":[{"embeddable":true,"href":"https:\/\/www.europesays.com\/fr\/wp-json\/wp\/v2\/media\/250111"}],"wp:attachment":[{"href":"https:\/\/www.europesays.com\/fr\/wp-json\/wp\/v2\/media?parent=250110"}],"wp:term":[{"taxonomy":"category","embeddable":true,"href":"https:\/\/www.europesays.com\/fr\/wp-json\/wp\/v2\/categories?post=250110"},{"taxonomy":"post_tag","embeddable":true,"href":"https:\/\/www.europesays.com\/fr\/wp-json\/wp\/v2\/tags?post=250110"}],"curies":[{"name":"wp","href":"https:\/\/api.w.org\/{rel}","templated":true}]}}