{"id":250116,"date":"2025-07-14T20:27:11","date_gmt":"2025-07-14T20:27:11","guid":{"rendered":"https:\/\/www.europesays.com\/fr\/250116\/"},"modified":"2025-07-14T20:27:11","modified_gmt":"2025-07-14T20:27:11","slug":"il-faut-se-proteger-de-ce-danger-invisible-en-voiture-selon-cette-experte-il-peut-vous-tuer","status":"publish","type":"post","link":"https:\/\/www.europesays.com\/fr\/250116\/","title":{"rendered":"\u00ab\u00a0Il faut se prot\u00e9ger\u00a0\u00bb de ce danger invisible en voiture selon cette experte, il peut vous tuer"},"content":{"rendered":"<p class=\"app_entry_lead\">\n                                    <a title=\"\u00a0\u00a9\u00a0123RF\" href=\"https:\/\/www.europesays.com\/fr\/wp-content\/uploads\/2025\/07\/76927980.jpg\" class=\"fancy\"><\/p>\n<p>                            <img loading=\"lazy\" decoding=\"async\" src=\"https:\/\/www.europesays.com\/fr\/wp-content\/uploads\/2025\/07\/76927980.jpg\" alt=\"&quot;Il faut se prot\u00e9ger&quot; de ce danger invisible en voiture selon cette experte, il peut vous tuer\" width=\"1500\" height=\"1000\"\/><\/p>\n<p>                    <\/a><br \/>\n                    De nombreuses personnes sous-estiment voire ne connaissent pas ce danger pour la sant\u00e9 en voiture. Heureusement, il est possible de s&rsquo;en prot\u00e9ger tr\u00e8s facilement.\n            <\/p>\n<p>En voiture, il n&rsquo;y a pas que les accidents qui sont dangereux.\u00a0Une autre menace souvent m\u00e9connue peut mettre la sant\u00e9 en danger sans qu&rsquo;on s&rsquo;en rende compte : les UV. \u00ab\u00a0Mais les vitres emp\u00eachent les rayons du soleil de passer\u00a0\u00bb, pensez-vous peut-\u00eatre.\u00a0D\u00e9trompez-vous !\u00a0<\/p>\n<p>Peu le savent mais il existe bien\u00a0deux types d&rsquo;UV\u00a0: les UVA et les UVB.\u00a0Ces derniers sont ceux qui provoquent les coups de soleil.\u00a0Ils peuvent ainsi provoquer un vieillissement de la peau, des t\u00e2ches et m\u00eame des cancers.\u00a0Ces UVB ne passent pas \u00e0 travers les vitres, c&rsquo;est d&rsquo;ailleurs pour cette raison qu&rsquo;on ne prend pas de coup de soleil \u00e0 l&rsquo;int\u00e9rieur et donc qu&rsquo;on se croit prot\u00e9g\u00e9&#8230;\u00a0Pourtant, le danger est bel et bien pr\u00e9sent m\u00eame derri\u00e8re une vitre.\u00a0<\/p>\n<p><img decoding=\"async\" alt=\"\" src=\"https:\/\/www.europesays.com\/fr\/wp-content\/uploads\/2025\/07\/76972998.jpg\"\/><br \/>\n\u00a9\u00a0123RF<\/p>\n<p>Car si les vitres emp\u00eachent les UVB\u00a0de passer, ce n&rsquo;est pas le cas des UVA. \u00ab\u00a0Ils passent mais on ne les sent pas\u00a0\u00bb, pr\u00e9cise la Dr Isabelle Gallay, dermatologue et vice-pr\u00e9sidente du Syndicat national des dermatologues-v\u00e9n\u00e9rologues.\u00a0En effet, les UVA\u00a0ne provoquent pas de coups de soleil puisqu&rsquo;ils \u00ab\u00a0vont plus en profondeur dans la peau\u00a0\u00bb.\u00a0Par contre, \u00ab\u00a0ils vont aussi \u00eatre responsables de cancers de la peau.\u00a0Ils sont encore plus d\u00e9l\u00e9t\u00e8res parce qu&rsquo;on ne va pas s&rsquo;en rendre compte\u00a0\u00bb, alerte la dermatologue.<\/p>\n<p>Ces UVA\u00a0sont d&rsquo;ailleurs ceux utilis\u00e9s &#8211; \u00e0 haute dose &#8211; dans les cabines de bronzage, qui sont reconnues pour \u00eatre canc\u00e9rig\u00e8nes.\u00a0\u00ab\u00a0On sait que l&rsquo;exposition aux UVA\u00a0est tr\u00e8s nocive. Si on est tout le temps derri\u00e8re des vitres, on va vieillir pr\u00e9matur\u00e9ment sa peau et on risque d&rsquo;avoir des carcinomes et des m\u00e9lanomes\u00a0\u00bb, les deux principaux types de cancers de la peau.<\/p>\n<p>Alors lorsque l&rsquo;indice UV\u00a0est au-dessus de 3, il est essentiel de se prot\u00e9ger des rayons du soleil, m\u00eame lorsqu&rsquo;on n&rsquo;est pas dehors.\u00a0En voiture, au travail ou chez soi pr\u00e8s d&rsquo;une vitre, en avion&#8230; \u00ab\u00a0Il faut se prot\u00e9ger\u00a0\u00bb, insiste la Dr Gallay.\u00a0Pour cela, on mise sur des v\u00eatements couvrants (et m\u00eame un chapeau ou une casquette par exemple si on est dans une voiture avec une vitre de toit) et sur la cr\u00e8me solaire.\u00a0\u00ab\u00a0Elle doit prot\u00e9ger contre les UVB\u00a0et les UVA.\u00a0Maintenant la majorit\u00e9 des protecteurs solaires ont une protection anti-UVA\u00a0aussi\u00a0\u00bb, m\u00eame si elle est moins \u00e9lev\u00e9e que contre les UVB. La dermatologue recommande notamment les \u00e9crans min\u00e9raux, qui renvoient tous les rayons solaires.\u00a0Bien s\u00fbr, les m\u00eames r\u00e8gles s&rsquo;appliquent quand on s&rsquo;expose au soleil \u00e0 l&rsquo;ext\u00e9rieur.<\/p>\n","protected":false},"excerpt":{"rendered":"De nombreuses personnes sous-estiment voire ne connaissent pas ce danger pour la sant\u00e9 en voiture. Heureusement, il est&hellip;\n","protected":false},"author":2,"featured_media":250117,"comment_status":"","ping_status":"","sticky":false,"template":"","format":"standard","meta":{"footnotes":""},"categories":[10],"tags":[1011,27,72,71],"class_list":{"0":"post-250116","1":"post","2":"type-post","3":"status-publish","4":"format-standard","5":"has-post-thumbnail","7":"category-sante","8":"tag-fr","9":"tag-france","10":"tag-health","11":"tag-sante"},"share_on_mastodon":{"url":"https:\/\/pubeurope.com\/@fr\/114853474825118312","error":""},"_links":{"self":[{"href":"https:\/\/www.europesays.com\/fr\/wp-json\/wp\/v2\/posts\/250116","targetHints":{"allow":["GET"]}}],"collection":[{"href":"https:\/\/www.europesays.com\/fr\/wp-json\/wp\/v2\/posts"}],"about":[{"href":"https:\/\/www.europesays.com\/fr\/wp-json\/wp\/v2\/types\/post"}],"author":[{"embeddable":true,"href":"https:\/\/www.europesays.com\/fr\/wp-json\/wp\/v2\/users\/2"}],"replies":[{"embeddable":true,"href":"https:\/\/www.europesays.com\/fr\/wp-json\/wp\/v2\/comments?post=250116"}],"version-history":[{"count":0,"href":"https:\/\/www.europesays.com\/fr\/wp-json\/wp\/v2\/posts\/250116\/revisions"}],"wp:featuredmedia":[{"embeddable":true,"href":"https:\/\/www.europesays.com\/fr\/wp-json\/wp\/v2\/media\/250117"}],"wp:attachment":[{"href":"https:\/\/www.europesays.com\/fr\/wp-json\/wp\/v2\/media?parent=250116"}],"wp:term":[{"taxonomy":"category","embeddable":true,"href":"https:\/\/www.europesays.com\/fr\/wp-json\/wp\/v2\/categories?post=250116"},{"taxonomy":"post_tag","embeddable":true,"href":"https:\/\/www.europesays.com\/fr\/wp-json\/wp\/v2\/tags?post=250116"}],"curies":[{"name":"wp","href":"https:\/\/api.w.org\/{rel}","templated":true}]}}