{"id":250128,"date":"2025-07-14T20:34:07","date_gmt":"2025-07-14T20:34:07","guid":{"rendered":"https:\/\/www.europesays.com\/fr\/250128\/"},"modified":"2025-07-14T20:34:07","modified_gmt":"2025-07-14T20:34:07","slug":"mort-de-thierry-ardisson-lanimateur-avait-tout-prevu-quelles-instructions-a-t-il-laissees-a-ses-proches-pour-ses-obseques-midi-libre","status":"publish","type":"post","link":"https:\/\/www.europesays.com\/fr\/250128\/","title":{"rendered":"Mort de Thierry Ardisson : l\u2019animateur avait tout pr\u00e9vu, quelles &quot;instructions&quot; a-t-il laiss\u00e9es \u00e0 ses proches pour ses obs\u00e8ques &#8211; Midi Libre"},"content":{"rendered":"<ol>\n<li><a href=\"https:\/\/news.google.com\/rss\/articles\/CBMi_wFBVV95cUxOa1hqQmRvQ3BIdnpJVTNub0FOS3lvekNUcHprZk14a3VXb21mc2RMZnJNOU1RYXZPTTBRdFk5d1FYSUk4WG8zSThZTldBSGk0aGZWNVU2UE1uMGVZVHZmUUhGMDM3TTYxWTlNelYyYVRpVEFLUlpldkFaOU0wc1dabGRjcFpMVzhVR0Y4MzlLYzI5dGlHdDJBN2xrbmIyRHZ0XzdaX1laaFhXUDVlRlRjZm1vbDAwNmxlM3Q5ZzlTNDJaeHVtT2JmQ0ZhUThpbmFCdW5IYi1Jc1BKdlRhSENUa1ZVTDFFenhFSDJsYW96ZFVGeVNyUE1uVmdDNEVaR00?oc=5\" target=\"_blank\" rel=\"noopener\">Mort de Thierry Ardisson : l\u2019animateur avait tout pr\u00e9vu, quelles \u00ab\u00a0instructions\u00a0\u00bb a-t-il laiss\u00e9es \u00e0 ses proches pour ses obs\u00e8ques<\/a>&nbsp;&nbsp;Midi Libre<\/li>\n<li><a href=\"https:\/\/news.google.com\/rss\/articles\/CBMihAJBVV95cUxQTGlkbjhYUWM0aWZlNzZwZ01ITlRfSlNIaGZGaGhPbk1jeURvMHptSEZDQ01nMEVqeEdQV3VzVEcxVUs2bUQ5VWJWT2p2S0otVEJOS0lhT1pfUkVlc044UUxTMlpBM3Z3WjFSVVNzMVlFVDYzai05d0FWVklsVF9QMmlvOHRPUHlsazNvZkViQXRzLXdGWDMxNXJxaTRLb0xwaE5RaXhHRElKeGRDVWw2T2QxbnBBTHloM2FOb2p4YzhsdW9yVDItUXRaaHRISmplQlhlMFNpN29CYV9MNS1Ga1pTR2I5c3Y1T0lFdDFEZWxPQlRtNmpwN0c1LUI1WFNDMVFwSA?oc=5\" target=\"_blank\" rel=\"noopener\">\u00ab Thierry Ardisson a cr\u00e9\u00e9 un m\u00e9tier unique \u00e0 la t\u00e9l\u00e9vision qui s\u2019appelle \u201cArdisson\u201d \u00bb : le monde de la t\u00e9l\u00e9vision r\u00e9agit \u00e0 sa mort<\/a>&nbsp;&nbsp;Le Monde.fr<\/li>\n<li><a href=\"https:\/\/news.google.com\/rss\/articles\/CBMi_gFBVV95cUxPWl84WjVsSmx3VUJXdUxlcVZ0Q294VFp6LUw2cG9GNDFEU2Z6ajk4U2diSG1oc2lqVVNVQmx3UHB1TWFKWEdHQjg5RDJhNm94bjIyb0lKVkFHeHlZbHBOSkx6SG5WNkQ1ZURhc3lrYmVJQ2RlaGRyUWxRRXZRVGRlWEhSZmpZOTFYX1hZdWJaUE5sQUNhUFBMU3lHR085TXZ1LXZqYk5TZ0w1RUhrWGM3SHE2OFdTR1I1dGxHRzAtNXhtanJmcHdSUzZfWkpYdk1JUzNXcjNTal9odm5hSm5VVW9rUFNGSEQwdDd3YU1JR2NaQ0F1NEJxcS1nZmZhZw?oc=5\" target=\"_blank\" rel=\"noopener\">Mort de Thierry Ardisson : la femme de l\u2019animateur, Audrey Crespo-Mara, va porter plainte contre le journaliste Cl\u00e9ment Garin<\/a>&nbsp;&nbsp;Midi Libre<\/li>\n<li><a href=\"https:\/\/news.google.com\/rss\/articles\/CBMi9AFBVV95cUxQMWFkWTVqUFZSY2k3aFVqYU5kRS1OODY2emdPRVhSU0JCUDB3QkVLNktVYjFUZU0tNHV2dFlyTnJFek5RN3lubWxjSHo1Q2J2a2RobTZwWmhUM0NWcXZVWjFCWlc4cDlyYTM4dUtMVVJWZ3VBNmotbkZ6XzY3clZYNGphOXlaQWY0dWhmZDFUMGN5TTZTZjFOUmpERG1kTEltR3loUkd2OFIwdFRZVktPZDZ1Q2RHWG43VHBTRF8xS1N3bmhySzNDQ3k0bUs1ajV3SXhKTGJNTHdfVnByQVJQVWI5ZURHMl8yV1lTd0RsejlPbEdZ?oc=5\" target=\"_blank\" rel=\"noopener\">\u00abP\u00e9tards\u00bb et dopage : pourquoi Yannick Noah n\u2019a \u00abplus jamais voulu parler\u00bb \u00e0 Thierry Ardisson apr\u00e8s une interview en 1980 ?<\/a>&nbsp;&nbsp;Le Figaro<\/li>\n<li><a href=\"https:\/\/news.google.com\/rss\/articles\/CBMi6wFBVV95cUxNbFZEYW5CUDJtSHRyT2dJbHJfdHoyV1VoR3VHZVZrZmloUGtadXh3SmRCSkNON19MbnZYSWMxWUMwUXVRQzYta3ZaaHNFQ21GVWFTbWoxTGZMbzVGN2NfUVprLWNEZEJTN1pxMGVjdmR5bDVsYXNxcmxabEZpMmt4ZTE2YUNTZ21FZ2p2NGVqVTU2cl9OZHZXMzhHTk5ucXRzTFJsbE9DZERCcnVTbXVXQW9xVi12M2d0V0x5TjFkY2tKM1htTVlRZlUwRFhFRThiVE5aZXhGT0JoU1V6SnI0LTlTbDAtRXpHMWdJ?oc=5\" target=\"_blank\" rel=\"noopener\">\u00ab\u00a0J\u2019ai envie qu\u2019on dise : &lsquo;Putain, ce mec-l\u00e0, il avait des id\u00e9es!'\u00a0\u00bb : comment Thierry Ardisson a pr\u00e9par\u00e9 sa sortie<\/a>&nbsp;&nbsp;BFMTV<\/li>\n<\/ol>\n","protected":false},"excerpt":{"rendered":"Mort de Thierry Ardisson : l\u2019animateur avait tout pr\u00e9vu, quelles \u00ab\u00a0instructions\u00a0\u00bb a-t-il laiss\u00e9es \u00e0 ses proches pour ses&hellip;\n","protected":false},"author":2,"featured_media":1445,"comment_status":"","ping_status":"","sticky":false,"template":"","format":"standard","meta":{"footnotes":""},"categories":[2],"tags":[11,1011,27,12],"class_list":{"0":"post-250128","1":"post","2":"type-post","3":"status-publish","4":"format-standard","5":"has-post-thumbnail","7":"category-actualites","8":"tag-actualites","9":"tag-fr","10":"tag-france","11":"tag-news"},"share_on_mastodon":{"url":"https:\/\/pubeurope.com\/@fr\/114853502287296798","error":""},"_links":{"self":[{"href":"https:\/\/www.europesays.com\/fr\/wp-json\/wp\/v2\/posts\/250128","targetHints":{"allow":["GET"]}}],"collection":[{"href":"https:\/\/www.europesays.com\/fr\/wp-json\/wp\/v2\/posts"}],"about":[{"href":"https:\/\/www.europesays.com\/fr\/wp-json\/wp\/v2\/types\/post"}],"author":[{"embeddable":true,"href":"https:\/\/www.europesays.com\/fr\/wp-json\/wp\/v2\/users\/2"}],"replies":[{"embeddable":true,"href":"https:\/\/www.europesays.com\/fr\/wp-json\/wp\/v2\/comments?post=250128"}],"version-history":[{"count":0,"href":"https:\/\/www.europesays.com\/fr\/wp-json\/wp\/v2\/posts\/250128\/revisions"}],"wp:featuredmedia":[{"embeddable":true,"href":"https:\/\/www.europesays.com\/fr\/wp-json\/wp\/v2\/media\/1445"}],"wp:attachment":[{"href":"https:\/\/www.europesays.com\/fr\/wp-json\/wp\/v2\/media?parent=250128"}],"wp:term":[{"taxonomy":"category","embeddable":true,"href":"https:\/\/www.europesays.com\/fr\/wp-json\/wp\/v2\/categories?post=250128"},{"taxonomy":"post_tag","embeddable":true,"href":"https:\/\/www.europesays.com\/fr\/wp-json\/wp\/v2\/tags?post=250128"}],"curies":[{"name":"wp","href":"https:\/\/api.w.org\/{rel}","templated":true}]}}