{"id":250129,"date":"2025-07-14T20:35:30","date_gmt":"2025-07-14T20:35:30","guid":{"rendered":"https:\/\/www.europesays.com\/fr\/250129\/"},"modified":"2025-07-14T20:35:30","modified_gmt":"2025-07-14T20:35:30","slug":"andrezieux-boutheon-comment-genevrier-menuiserie-est-passe-datelier-de-garage-a-pme-de-pointe","status":"publish","type":"post","link":"https:\/\/www.europesays.com\/fr\/250129\/","title":{"rendered":"Andr\u00e9zieux-Bouth\u00e9on. Comment Genevrier Menuiserie est pass\u00e9 d\u2019atelier de garage \u00e0 PME de pointe"},"content":{"rendered":"<p>C\u2019est avec \u00e9motion que les fr\u00e8res Guillaume et R\u00e9my Genevrier ont lanc\u00e9 les festivit\u00e9s des 50 ans de leur entreprise, vendredi 4\u00a0juillet \u00e0 Andr\u00e9zieux-Bouth\u00e9on. Une aventure qui, en un demi-si\u00e8cle, a fait d\u2019un modeste atelier une PME industrielle de premier plan, sans jamais renier ses valeurs et son ancrage local.<\/p>\n<p>\u00ab\u00a0Je me sens chanceux de compter dans notre commune une entreprise comme celle-ci, dont les racines familiales font toute la diff\u00e9rence\u00a0\u00bb, a salu\u00e9 le maire, <a href=\"https:\/\/www.leprogres.fr\/p\/francois-driol\" target=\"_blank\" rel=\"noopener\">Fran\u00e7ois Driol<\/a>.<\/p>\n<p>De l\u2019artisanat \u00e0 la reprise par les&#8230;                        <\/p>\n","protected":false},"excerpt":{"rendered":"C\u2019est avec \u00e9motion que les fr\u00e8res Guillaume et R\u00e9my Genevrier ont lanc\u00e9 les festivit\u00e9s des 50 ans de&hellip;\n","protected":false},"author":2,"featured_media":250130,"comment_status":"","ping_status":"","sticky":false,"template":"","format":"standard","meta":{"footnotes":""},"categories":[9653],"tags":[1111,11,17136,2430,33,7359,1777,674,1011,27,12,25,4001,17137,216],"class_list":{"0":"post-250129","1":"post","2":"type-post","3":"status-publish","4":"format-standard","5":"has-post-thumbnail","7":"category-saint-etienne","8":"tag-actu","9":"tag-actualites","10":"tag-andrezieux-boutheon","11":"tag-auvergne-rhone-alpes","12":"tag-economie","13":"tag-edition-loire-centre","14":"tag-eu","15":"tag-europe","16":"tag-fr","17":"tag-france","18":"tag-news","19":"tag-republique-francaise","20":"tag-saint-etienne","21":"tag-saint-galmier-bassin","22":"tag-vie-des-entreprises"},"share_on_mastodon":{"url":"https:\/\/pubeurope.com\/@fr\/114853506701793029","error":""},"_links":{"self":[{"href":"https:\/\/www.europesays.com\/fr\/wp-json\/wp\/v2\/posts\/250129","targetHints":{"allow":["GET"]}}],"collection":[{"href":"https:\/\/www.europesays.com\/fr\/wp-json\/wp\/v2\/posts"}],"about":[{"href":"https:\/\/www.europesays.com\/fr\/wp-json\/wp\/v2\/types\/post"}],"author":[{"embeddable":true,"href":"https:\/\/www.europesays.com\/fr\/wp-json\/wp\/v2\/users\/2"}],"replies":[{"embeddable":true,"href":"https:\/\/www.europesays.com\/fr\/wp-json\/wp\/v2\/comments?post=250129"}],"version-history":[{"count":0,"href":"https:\/\/www.europesays.com\/fr\/wp-json\/wp\/v2\/posts\/250129\/revisions"}],"wp:featuredmedia":[{"embeddable":true,"href":"https:\/\/www.europesays.com\/fr\/wp-json\/wp\/v2\/media\/250130"}],"wp:attachment":[{"href":"https:\/\/www.europesays.com\/fr\/wp-json\/wp\/v2\/media?parent=250129"}],"wp:term":[{"taxonomy":"category","embeddable":true,"href":"https:\/\/www.europesays.com\/fr\/wp-json\/wp\/v2\/categories?post=250129"},{"taxonomy":"post_tag","embeddable":true,"href":"https:\/\/www.europesays.com\/fr\/wp-json\/wp\/v2\/tags?post=250129"}],"curies":[{"name":"wp","href":"https:\/\/api.w.org\/{rel}","templated":true}]}}