{"id":250134,"date":"2025-07-14T20:38:26","date_gmt":"2025-07-14T20:38:26","guid":{"rendered":"https:\/\/www.europesays.com\/fr\/250134\/"},"modified":"2025-07-14T20:38:26","modified_gmt":"2025-07-14T20:38:26","slug":"nancyphonies-nostalgie-avec-eugene-skovorodnikov","status":"publish","type":"post","link":"https:\/\/www.europesays.com\/fr\/250134\/","title":{"rendered":"Nancyphonies Nostalgie avec Eug\u00e8ne Skovorodnikov"},"content":{"rendered":"<p>Ukrainien d\u2019origine, le pianiste soliste Eug\u00e8ne Skovorodnikov s\u2019est produit sur les plus grandes sc\u00e8nes mondiales. Pour son retour aux Nancyphonies, il a construit un programme pour \u00e9voquer la nostalgie, qu\u2019il d\u00e9clinera dans les tonalit\u00e9s mineures et en particulier celle de r\u00e9 mineur, pris\u00e9e des grands compositeurs comme \u00e9vocatrice de l\u2019absence et de la peur de l\u2019oubli. Un voyage en terre de m\u00e9moire\u2026 avec des \u0153uvres de Scarlatti, Mozart et Brahms.<\/p>\n<p class=\"note\">Mardi 15\u00a0juillet, \u00e0 20\u00a0h, dans les grands salons de l\u2019h\u00f4tel de ville, place Stanislas, \u00e0 Nancy. Tarifs\u00a0: 15\u00a0\u20ac et 15\u00a0\u20ac. R\u00e9servations au t\u00e9l.09\u00a084\u00a015\u00a052\u00a049.<\/p>\n","protected":false},"excerpt":{"rendered":"Ukrainien d\u2019origine, le pianiste soliste Eug\u00e8ne Skovorodnikov s\u2019est produit sur les plus grandes sc\u00e8nes mondiales. Pour son retour&hellip;\n","protected":false},"author":2,"featured_media":250135,"comment_status":"","ping_status":"","sticky":false,"template":"","format":"standard","meta":{"footnotes":""},"categories":[9635],"tags":[1111,11,1687,1704,1777,674,1011,27,775,873,1702,1703,12,25],"class_list":{"0":"post-250134","1":"post","2":"type-post","3":"status-publish","4":"format-standard","5":"has-post-thumbnail","7":"category-nancy","8":"tag-actu","9":"tag-actualites","10":"tag-culture-loisirs","11":"tag-edition-nancy-et-agglomeration","12":"tag-eu","13":"tag-europe","14":"tag-fr","15":"tag-france","16":"tag-grand-est","17":"tag-musique","18":"tag-nancy","19":"tag-nancy-ville-54b","20":"tag-news","21":"tag-republique-francaise"},"share_on_mastodon":{"url":"https:\/\/pubeurope.com\/@fr\/114853517914737633","error":""},"_links":{"self":[{"href":"https:\/\/www.europesays.com\/fr\/wp-json\/wp\/v2\/posts\/250134","targetHints":{"allow":["GET"]}}],"collection":[{"href":"https:\/\/www.europesays.com\/fr\/wp-json\/wp\/v2\/posts"}],"about":[{"href":"https:\/\/www.europesays.com\/fr\/wp-json\/wp\/v2\/types\/post"}],"author":[{"embeddable":true,"href":"https:\/\/www.europesays.com\/fr\/wp-json\/wp\/v2\/users\/2"}],"replies":[{"embeddable":true,"href":"https:\/\/www.europesays.com\/fr\/wp-json\/wp\/v2\/comments?post=250134"}],"version-history":[{"count":0,"href":"https:\/\/www.europesays.com\/fr\/wp-json\/wp\/v2\/posts\/250134\/revisions"}],"wp:featuredmedia":[{"embeddable":true,"href":"https:\/\/www.europesays.com\/fr\/wp-json\/wp\/v2\/media\/250135"}],"wp:attachment":[{"href":"https:\/\/www.europesays.com\/fr\/wp-json\/wp\/v2\/media?parent=250134"}],"wp:term":[{"taxonomy":"category","embeddable":true,"href":"https:\/\/www.europesays.com\/fr\/wp-json\/wp\/v2\/categories?post=250134"},{"taxonomy":"post_tag","embeddable":true,"href":"https:\/\/www.europesays.com\/fr\/wp-json\/wp\/v2\/tags?post=250134"}],"curies":[{"name":"wp","href":"https:\/\/api.w.org\/{rel}","templated":true}]}}