{"id":250136,"date":"2025-07-14T20:39:11","date_gmt":"2025-07-14T20:39:11","guid":{"rendered":"https:\/\/www.europesays.com\/fr\/250136\/"},"modified":"2025-07-14T20:39:11","modified_gmt":"2025-07-14T20:39:11","slug":"solennite-et-ferveur-pour-le-defile-du-14-juillet-a-toulon","status":"publish","type":"post","link":"https:\/\/www.europesays.com\/fr\/250136\/","title":{"rendered":"Solennit\u00e9 et ferveur pour le d\u00e9fil\u00e9 du 14-Juillet \u00e0 Toulon"},"content":{"rendered":"<p>C\u2019est sous un soleil de plomb que La Marseillaise a retenti hier soir \u00e0 Toulon, \u00e0 l\u2019occasion de la parade militaire.<\/p>\n<p>Lors de cette c\u00e9r\u00e9monie, dix-sept soldats ont \u00e9t\u00e9 d\u00e9cor\u00e9s par Christophe Lucas, vice-amiral d\u2019escadre, pr\u00e9fet maritime et commandant de la zone et de l\u2019arrondissement maritimes de la M\u00e9diterran\u00e9e.<\/p>\n<p>Deux d\u2019entre eux ont re\u00e7u la m\u00e9daille militaire, huit autres ont \u00e9t\u00e9 d\u00e9cor\u00e9s de l\u2019Ordre national du m\u00e9rite &#8211; deux officiers et six chevaliers &#8211; et enfin, sept autres marins ont \u00e9t\u00e9 sacr\u00e9s Chevaliers de la l\u00e9gion d\u2019honneur.<\/p>\n<p>Les associations historiques cl\u00f4turent le d\u00e9fil\u00e9<\/p>\n<p>              <img ci-src=\"https:\/\/www.varmatin.com\/vie-locale\/protec\/DATA_ART_15899899-Ycu7epdv.jpg?vh=cef55c&amp;ci_seal=b9cbbd194d\" alt=\"\"\/><\/p>\n<p>Jos\u00e9e Massi, maire de Toulon, Simon Babre, pr\u00e9fet du Var, et autres autorit\u00e9s civiles, ont ensuite assist\u00e9 \u00e0 un d\u00e9fil\u00e9 p\u00e9destre, puis motoris\u00e9.<\/p>\n<p>C\u2019est le bataillon de fusiliers marins D\u00e9troyat qui a ouvert la parade, suivi par le p\u00f4le \u00e9cole M\u00e9diterran\u00e9e de Saint-Mandrier, l\u2019escadrille des sous-marins nucl\u00e9aires d\u2019attaque, le neuvi\u00e8me centre m\u00e9dical des arm\u00e9es, les pr\u00e9parations militaires sup\u00e9rieure et marine de Toulon, et enfin la treizi\u00e8me demi-brigade de la L\u00e9gion \u00e9trang\u00e8re<\/p>\n<p>Un d\u00e9fil\u00e9 motoris\u00e9 a, par la suite, r\u00e9uni la gendarmerie du Var et la gendarmerie maritime, la compagnie des marins pompiers de Toulon, et les sapeurs pompiers du Var.<\/p>\n<p>Pour cl\u00f4turer cette parade et lui donner une dynamique historique, les v\u00e9hicules des associations Ao\u00fbt 44, Bormes 44 et Provence 44 ont ferm\u00e9 la marche.<\/p>\n","protected":false},"excerpt":{"rendered":"C\u2019est sous un soleil de plomb que La Marseillaise a retenti hier soir \u00e0 Toulon, \u00e0 l\u2019occasion de&hellip;\n","protected":false},"author":2,"featured_media":250137,"comment_status":"","ping_status":"","sticky":false,"template":"","format":"standard","meta":{"footnotes":""},"categories":[9619],"tags":[1111,11,1777,674,1011,27,12,882,25,2310,3366],"class_list":{"0":"post-250136","1":"post","2":"type-post","3":"status-publish","4":"format-standard","5":"has-post-thumbnail","7":"category-toulon","8":"tag-actu","9":"tag-actualites","10":"tag-eu","11":"tag-europe","12":"tag-fr","13":"tag-france","14":"tag-news","15":"tag-provence-alpes-cote-dazur","16":"tag-republique-francaise","17":"tag-toulon","18":"tag-vie-locale"},"share_on_mastodon":{"url":"https:\/\/pubeurope.com\/@fr\/114853521840517351","error":""},"_links":{"self":[{"href":"https:\/\/www.europesays.com\/fr\/wp-json\/wp\/v2\/posts\/250136","targetHints":{"allow":["GET"]}}],"collection":[{"href":"https:\/\/www.europesays.com\/fr\/wp-json\/wp\/v2\/posts"}],"about":[{"href":"https:\/\/www.europesays.com\/fr\/wp-json\/wp\/v2\/types\/post"}],"author":[{"embeddable":true,"href":"https:\/\/www.europesays.com\/fr\/wp-json\/wp\/v2\/users\/2"}],"replies":[{"embeddable":true,"href":"https:\/\/www.europesays.com\/fr\/wp-json\/wp\/v2\/comments?post=250136"}],"version-history":[{"count":0,"href":"https:\/\/www.europesays.com\/fr\/wp-json\/wp\/v2\/posts\/250136\/revisions"}],"wp:featuredmedia":[{"embeddable":true,"href":"https:\/\/www.europesays.com\/fr\/wp-json\/wp\/v2\/media\/250137"}],"wp:attachment":[{"href":"https:\/\/www.europesays.com\/fr\/wp-json\/wp\/v2\/media?parent=250136"}],"wp:term":[{"taxonomy":"category","embeddable":true,"href":"https:\/\/www.europesays.com\/fr\/wp-json\/wp\/v2\/categories?post=250136"},{"taxonomy":"post_tag","embeddable":true,"href":"https:\/\/www.europesays.com\/fr\/wp-json\/wp\/v2\/tags?post=250136"}],"curies":[{"name":"wp","href":"https:\/\/api.w.org\/{rel}","templated":true}]}}