{"id":250141,"date":"2025-07-14T20:42:09","date_gmt":"2025-07-14T20:42:09","guid":{"rendered":"https:\/\/www.europesays.com\/fr\/250141\/"},"modified":"2025-07-14T20:42:09","modified_gmt":"2025-07-14T20:42:09","slug":"a-montpellier-septeo-evolue-ses-collaborateurs-aussi","status":"publish","type":"post","link":"https:\/\/www.europesays.com\/fr\/250141\/","title":{"rendered":"A Montpellier, Septeo \u00e9volue\u2026 ses collaborateurs aussi !"},"content":{"rendered":"<p>Valoris\u00e9e \u00e0 3 milliards d\u2019euros, la \u00ab\u00a0licorne\u00a0\u00bb montpelli\u00e9raine vient de franchir un nouveau cap\u00a0! T\u00e9thys Invest, la holding d\u2019investissement de la famille Bettencourt-Meyers, et GIC, l\u2019un des plus grands fonds souverains mondiaux, sont en effet entr\u00e9s dans son capital. De quoi poursuivre sa politique de R&amp;D et continuer \u00e0 se d\u00e9velopper sur l\u2019intelligence artificielle, la collecte, la s\u00e9curisation ou le traitement de la Data. Mais aussi recruter.<\/p>\n<p>\u00ab\u00a0Etre, faire et transformer ensemble\u00a0\u00bb<\/p>\n<p>Le groupe Septeo (plus de 3000 collaborateurs et 420 millions d\u2019euros de chiffre d\u2019affaires en 2024) pr\u00e9voit ainsi l\u2019embauche de 350 personnes d\u00e8s 2025, dont plus de 200 \u00e0 Lattes, son si\u00e8ge social, et Toulouse. Sp\u00e9cialis\u00e9 dans les professions juridiques, les m\u00e9tiers de l\u2019immobilier, les ressources humaines, l\u2019h\u00e9bergement, et depuis peu l\u2019\u00e9ducation, l\u2019\u00e9diteur de logiciels recherche principalement des d\u00e9veloppeurs et des experts en cybers\u00e9curit\u00e9, Data sciences et IA. \u00ab\u00a0Nous recrutons \u00e9galement des sp\u00e9cialistes de la gestion locative, des jeunes dipl\u00f4m\u00e9s en droit et compatibilit\u00e9, des commerciaux\u2026 et, pour nos supports techniques et m\u00e9tiers, des personnes qui sont en relation directe avec nos clients, ce qui implique parfois de poss\u00e9der une bonne connaissance de leur environnement\u00a0\u00bb, d\u00e9taille Pierre Bonelli, le directeur des ressources humaines de Septeo. Des postes ouverts \u00e0 tous les niveaux d\u2019exp\u00e9rience. \u00ab\u00a0Ce qui nous importe, c\u2019est que les candidats partagent notre go\u00fbt pour l\u2019innovation, qui est vraiment dans l\u2019ADN du groupe. Qu\u2019ils puissent aussi faire preuve d\u2019agilit\u00e9, notre entreprise comme nos m\u00e9tiers \u00e9voluant tr\u00e8s rapidement\u00a0!\u00a0\u00bb, insiste le DRH.<\/p>\n<p>Septeo les invitera \u00e0 \u00ab\u00a0\u00eatre, faire et transformer ensemble\u00a0\u00bb, devise de sa nouvelle marque employeur. \u00ab\u00a0La convivialit\u00e9 et le collectif sont tr\u00e8s importants dans notre groupe. Cela s\u2019exprime \u00e0 travers diff\u00e9rents dispositifs que nous avons mis en place, comme le Programme Buddy. Il permet \u00e0 chaque nouvelle recrue d\u2019\u00eatre accompagn\u00e9e par un mentor, ce qui est tr\u00e8s appr\u00e9ci\u00e9. Nous accompagnons \u00e9galement nos 480 managers lors de rencontres hybrides mensuelles pour les \u00e9quiper et leur permettre de s\u2019am\u00e9liorer dans leurs fonctions. Et enfin, nous proposons \u00e0 l\u2019ensemble des collaborateurs de grandir dans une entreprise qui leur offre de multiples opportunit\u00e9s d\u2019\u00e9volutions, tant m\u00e9tiers que g\u00e9ographiques.\u00a0\u00bb Le groupe, qui reste dirig\u00e9 par l\u2019un de ses fondateurs Hugues Galambrun, est certes pr\u00e9sent en France, Belgique, Espagne, Canada et Tunisie. Pour l\u2019instant\u2026<br class=\"autobr\"\/><br \/>\nIngrid Lemelle<\/p>\n<p><strong>Postulez sur\u00a0: <a href=\"https:\/\/careers.septeo.com\/\" class=\"spip_out\" rel=\"external noopener\" target=\"_blank\">careers.septeo.com<\/a><\/strong><\/p>\n<p>Cr\u00e9dit photo Septeo.<\/p>\n","protected":false},"excerpt":{"rendered":"Valoris\u00e9e \u00e0 3 milliards d\u2019euros, la \u00ab\u00a0licorne\u00a0\u00bb montpelli\u00e9raine vient de franchir un nouveau cap\u00a0! T\u00e9thys Invest, la holding&hellip;\n","protected":false},"author":2,"featured_media":250142,"comment_status":"","ping_status":"","sticky":false,"template":"","format":"standard","meta":{"footnotes":""},"categories":[9599],"tags":[1111,11,341,1777,674,1011,27,2208,12,4125,2680,7099,25,39039],"class_list":{"0":"post-250141","1":"post","2":"type-post","3":"status-publish","4":"format-standard","5":"has-post-thumbnail","7":"category-montpellier","8":"tag-actu","9":"tag-actualites","10":"tag-emploi","11":"tag-eu","12":"tag-europe","13":"tag-fr","14":"tag-france","15":"tag-montpellier","16":"tag-news","17":"tag-numerique","18":"tag-occitanie","19":"tag-recrutement","20":"tag-republique-francaise","21":"tag-septeo"},"share_on_mastodon":{"url":"https:\/\/pubeurope.com\/@fr\/114853533622448561","error":""},"_links":{"self":[{"href":"https:\/\/www.europesays.com\/fr\/wp-json\/wp\/v2\/posts\/250141","targetHints":{"allow":["GET"]}}],"collection":[{"href":"https:\/\/www.europesays.com\/fr\/wp-json\/wp\/v2\/posts"}],"about":[{"href":"https:\/\/www.europesays.com\/fr\/wp-json\/wp\/v2\/types\/post"}],"author":[{"embeddable":true,"href":"https:\/\/www.europesays.com\/fr\/wp-json\/wp\/v2\/users\/2"}],"replies":[{"embeddable":true,"href":"https:\/\/www.europesays.com\/fr\/wp-json\/wp\/v2\/comments?post=250141"}],"version-history":[{"count":0,"href":"https:\/\/www.europesays.com\/fr\/wp-json\/wp\/v2\/posts\/250141\/revisions"}],"wp:featuredmedia":[{"embeddable":true,"href":"https:\/\/www.europesays.com\/fr\/wp-json\/wp\/v2\/media\/250142"}],"wp:attachment":[{"href":"https:\/\/www.europesays.com\/fr\/wp-json\/wp\/v2\/media?parent=250141"}],"wp:term":[{"taxonomy":"category","embeddable":true,"href":"https:\/\/www.europesays.com\/fr\/wp-json\/wp\/v2\/categories?post=250141"},{"taxonomy":"post_tag","embeddable":true,"href":"https:\/\/www.europesays.com\/fr\/wp-json\/wp\/v2\/tags?post=250141"}],"curies":[{"name":"wp","href":"https:\/\/api.w.org\/{rel}","templated":true}]}}